{"id":24203,"date":"2018-06-24T12:34:21","date_gmt":"2018-06-24T10:34:21","guid":{"rendered":"https:\/\/www.forum-soegel.de\/information\/?p=24203"},"modified":"2018-06-24T12:34:21","modified_gmt":"2018-06-24T10:34:21","slug":"neues-wohn-und-geschaeftshaus-in-soegels-ortsmitte","status":"publish","type":"post","link":"https:\/\/www.forum-soegel.de\/information\/2018\/06\/neues-wohn-und-geschaeftshaus-in-soegels-ortsmitte\/","title":{"rendered":"Neues Wohn- und Gesch\u00e4ftshaus in S\u00f6gels Ortsmitte"},"content":{"rendered":"<p>S\u00f6gel. Nachdem nun das alte Rathaus in S\u00f6gel abgerissen wurde, wird in der kommenden Woche an gleicher Stelle mit dem Bau eines Wohn- und Gesch\u00e4ftshauses begonnen. Investor Valeri Klippert pr\u00e4sentierte der\u00a0 B\u00fcrgermeisterin der Gemeinde S\u00f6gel Irmgard Welling und dem Gemeindedirektor G\u00fcnter Wigbers auf dem Grundst\u00fcck die Pl\u00e4ne des zweigeschossigen Wohn- und Gesch\u00e4ftshauses.<\/p>\n<p>Nach Pl\u00e4nen des Investors Klippert wird das neue Haus in zentraler Lage im Erdgeschoss R\u00e4umlichkeiten f\u00fcr eine Gastronomie und ein VGH-Versicherungsb\u00fcro vorhalten und in den Obergeschossen\u00a0 acht \u00a0Wohneinheiten im gehobenen Standard.<\/p>\n<p>Der Unternehmer sieht die Entwicklung der S\u00f6geler Ortsmitte positiv und ist optimistisch, ein abgerundetes, wirtschaftlich tragbares Konzept umsetzen zu k\u00f6nnen.<\/p>\n<p>In unmittelbarer Nachbarschaft des alten Rathauses wurde erst k\u00fcrzlich ein weiteres Wohn- und Gesch\u00e4ftshaus am Kreisel mit den blauen Schafen errichtet. Ebenfalls wird derzeit eine gro\u00dfe Sanierungsma\u00dfnahme beim Hotel- und Restaurantbetrieb \u201eClemenswerther Hof\u201c in Blickrichtung zur Ortsmitte umgesetzt. \u201eIm kommenden Jahr wird die Ortsmitte von S\u00f6gel dann durch die\u00a0 neuen Wohn- und Gesch\u00e4ftsh\u00e4user bereichert sein\u201c, freuen sich B\u00fcrgermeisterin Irmgard Welling und Gemeindedirektor G\u00fcnter Wigbers. \u201eUnsere Rechnung ist aufgegangen. Die gemeindlichen Investitionen in die Ortskernsanierung haben viele private Investitionen nach sich gezogen.<\/p>\n<p>So auch die aktuellen Bauvorhaben, die k\u00fcnftig zu einem schicken Ortsbild beitragen werden.\u201c<\/p>\n<p>Text: Ingrid Cloppenburg Foto: Gemeinde S\u00f6gel<\/p>\n<div id=\"attachment_24199\" style=\"width: 310px\" class=\"wp-caption alignnone\"><a href=\"https:\/\/www.forum-soegel.de\/information\/2018\/06\/neubau-eines-wohn-und-geschaeftshauses\/neues-wohn-und-geschaeftshaus-in-soegels-ortsmitte\/\" rel=\"attachment wp-att-24199\"><img loading=\"lazy\" decoding=\"async\" aria-describedby=\"caption-attachment-24199\" class=\"size-medium wp-image-24199\" src=\"https:\/\/www.forum-soegel.de\/information\/wp-content\/uploads\/2018\/06\/Neues-Wohn-und-Gesch\u00e4ftshaus-in-S\u00f6gels-Ortsmitte-300x169.jpg\" alt=\"\" width=\"300\" height=\"169\" srcset=\"https:\/\/www.forum-soegel.de\/information\/wp-content\/uploads\/2018\/06\/Neues-Wohn-und-Gesch\u00e4ftshaus-in-S\u00f6gels-Ortsmitte-300x169.jpg 300w, https:\/\/www.forum-soegel.de\/information\/wp-content\/uploads\/2018\/06\/Neues-Wohn-und-Gesch\u00e4ftshaus-in-S\u00f6gels-Ortsmitte-768x432.jpg 768w, https:\/\/www.forum-soegel.de\/information\/wp-content\/uploads\/2018\/06\/Neues-Wohn-und-Gesch\u00e4ftshaus-in-S\u00f6gels-Ortsmitte.jpg 1024w\" sizes=\"auto, (max-width: 300px) 100vw, 300px\" \/><\/a><p id=\"caption-attachment-24199\" class=\"wp-caption-text\">Bis zum Fr\u00fchjahr n\u00e4chsten Jahres soll ein neues Wohn- und Gesch\u00e4ftshaus in der S\u00f6geler Ortsmitte entstehen.<\/p><\/div>\n","protected":false},"excerpt":{"rendered":"S\u00f6gel. Nachdem nun das alte Rathaus in S\u00f6gel abgerissen wurde, wird in der kommenden Woche an gleicher Stelle mit dem Bau eines Wohn- und Gesch\u00e4ftshauses begonnen. Investor Valeri Klippert pr\u00e4sentierte der\u00a0 B\u00fcrgermeisterin der Gemeinde S\u00f6gel Irmgard Welling und dem Gemeindedirektor G\u00fcnter Wigbers auf dem Grundst\u00fcck die Pl\u00e4ne des zweigeschossigen Wohn- und Gesch\u00e4ftshauses. Nach Pl\u00e4nen des [&hellip;]\n","protected":false},"author":2,"featured_media":0,"comment_status":"closed","ping_status":"closed","sticky":false,"template":"","format":"standard","meta":{"ngg_post_thumbnail":0,"footnotes":""},"categories":[4],"tags":[],"class_list":["post-24203","post","type-post","status-publish","format-standard","hentry","category-aus-der-geschaftswelt"],"_links":{"self":[{"href":"https:\/\/www.forum-soegel.de\/information\/wp-json\/wp\/v2\/posts\/24203","targetHints":{"allow":["GET"]}}],"collection":[{"href":"https:\/\/www.forum-soegel.de\/information\/wp-json\/wp\/v2\/posts"}],"about":[{"href":"https:\/\/www.forum-soegel.de\/information\/wp-json\/wp\/v2\/types\/post"}],"author":[{"embeddable":true,"href":"https:\/\/www.forum-soegel.de\/information\/wp-json\/wp\/v2\/users\/2"}],"replies":[{"embeddable":true,"href":"https:\/\/www.forum-soegel.de\/information\/wp-json\/wp\/v2\/comments?post=24203"}],"version-history":[{"count":1,"href":"https:\/\/www.forum-soegel.de\/information\/wp-json\/wp\/v2\/posts\/24203\/revisions"}],"predecessor-version":[{"id":24204,"href":"https:\/\/www.forum-soegel.de\/information\/wp-json\/wp\/v2\/posts\/24203\/revisions\/24204"}],"wp:attachment":[{"href":"https:\/\/www.forum-soegel.de\/information\/wp-json\/wp\/v2\/media?parent=24203"}],"wp:term":[{"taxonomy":"category","embeddable":true,"href":"https:\/\/www.forum-soegel.de\/information\/wp-json\/wp\/v2\/categories?post=24203"},{"taxonomy":"post_tag","embeddable":true,"href":"https:\/\/www.forum-soegel.de\/information\/wp-json\/wp\/v2\/tags?post=24203"}],"curies":[{"name":"wp","href":"https:\/\/api.w.org\/{rel}","templated":true}]}}