{"id":24198,"date":"2018-06-24T12:32:44","date_gmt":"2018-06-24T10:32:44","guid":{"rendered":"https:\/\/www.forum-soegel.de\/information\/?p=24198"},"modified":"2018-06-24T12:32:44","modified_gmt":"2018-06-24T10:32:44","slug":"neubau-eines-wohn-und-geschaeftshauses","status":"publish","type":"post","link":"https:\/\/www.forum-soegel.de\/information\/2018\/06\/neubau-eines-wohn-und-geschaeftshauses\/","title":{"rendered":"Neubau eines  Wohn- und Gesch\u00e4ftshauses"},"content":{"rendered":"<p><a href=\"https:\/\/www.forum-soegel.de\/information\/2018\/06\/neubau-eines-wohn-und-geschaeftshauses\/neubau-eines-wohn-und-geschaeftshauses\/\" rel=\"attachment wp-att-24200\"><img loading=\"lazy\" decoding=\"async\" class=\"alignleft size-medium wp-image-24200\" src=\"https:\/\/www.forum-soegel.de\/information\/wp-content\/uploads\/2018\/06\/Neubau-eines-Wohn-und-Gesch\u00e4ftshauses-300x221.jpg\" alt=\"\" width=\"300\" height=\"221\" srcset=\"https:\/\/www.forum-soegel.de\/information\/wp-content\/uploads\/2018\/06\/Neubau-eines-Wohn-und-Gesch\u00e4ftshauses-300x221.jpg 300w, https:\/\/www.forum-soegel.de\/information\/wp-content\/uploads\/2018\/06\/Neubau-eines-Wohn-und-Gesch\u00e4ftshauses-768x565.jpg 768w, https:\/\/www.forum-soegel.de\/information\/wp-content\/uploads\/2018\/06\/Neubau-eines-Wohn-und-Gesch\u00e4ftshauses.jpg 1024w\" sizes=\"auto, (max-width: 300px) 100vw, 300px\" \/><\/a>S\u00f6gel &#8211; Am ehemaligen Standort des Familienzentrums St. Jakobus S\u00f6gel direkt am sogenannten zweiten Marktlatz in S\u00f6gel beginnen in K\u00fcrze die Bauarbeiten f\u00fcr eines der zwei dort geplanten Wohn- und Gesch\u00e4ftsh\u00e4user.<\/p>\n<p>Im Erdgeschoss einziehen werden nach Fertigstellung das Architekturb\u00fcro \u201eKonzept Studio Grossmann GmbH\u201c und die Fahrschule Borgmann &amp; Wolters, die zugleich als Mitinvestoren das Haus erstellen.<\/p>\n<p>Das Haus wird nach Auskunft des Architekten Patrick Grossmann im KFW40 Plus Standard nach neuesten energetischen Grunds\u00e4tzen gebaut. Die 7 Wohnungen in den Obergeschossen werden seniorengerecht, modern und mit Fahrstuhl ausgestattet. Mit der Fertigstellung rechnen die Investoren im Fr\u00fchling kommenden Jahres.<\/p>\n<p>\u201eWir haben bei den Planungen der modernen zweigeschossigen Bauweise eine zeitlose Architektur realisiert.\u201c Dabei seien die st\u00e4dtebaulichen Anordnungen sowie das Materialkonzept mit Vertretern sowohl der katholischen Kirchengemeinde als auch der politischen Gemeinde S\u00f6gel einvernehmlich abgestimmt worden.<\/p>\n<p>Zurzeit schreiten zudem die Planungen f\u00fcr den zweiten Neubau voran, der in unmittelbarer N\u00e4he vorgelagert entstehen soll. Erste Gespr\u00e4che mit potentiellen Mietern haben nach Auskunft von Grossmann bereits stattgefunden. Mietinteressierte k\u00f6nnen sich jedoch weiterhin beim Konzept Studio Grossmann f\u00fcr beide Objekte melden.<\/p>\n<p>Text: Ingrid Cloppenburg \/ Grafik: Konzept Studio Grossmann GmbH<\/p>\n<p>&nbsp;<\/p>\n<p>&nbsp;<\/p>\n","protected":false},"excerpt":{"rendered":"S\u00f6gel &#8211; Am ehemaligen Standort des Familienzentrums St. Jakobus S\u00f6gel direkt am sogenannten zweiten Marktlatz in S\u00f6gel beginnen in K\u00fcrze die Bauarbeiten f\u00fcr eines der zwei dort geplanten Wohn- und Gesch\u00e4ftsh\u00e4user. Im Erdgeschoss einziehen werden nach Fertigstellung das Architekturb\u00fcro \u201eKonzept Studio Grossmann GmbH\u201c und die Fahrschule Borgmann &amp; Wolters, die zugleich als Mitinvestoren das Haus [&hellip;]\n","protected":false},"author":2,"featured_media":0,"comment_status":"closed","ping_status":"closed","sticky":false,"template":"","format":"standard","meta":{"ngg_post_thumbnail":0,"footnotes":""},"categories":[4],"tags":[],"class_list":["post-24198","post","type-post","status-publish","format-standard","hentry","category-aus-der-geschaftswelt"],"_links":{"self":[{"href":"https:\/\/www.forum-soegel.de\/information\/wp-json\/wp\/v2\/posts\/24198","targetHints":{"allow":["GET"]}}],"collection":[{"href":"https:\/\/www.forum-soegel.de\/information\/wp-json\/wp\/v2\/posts"}],"about":[{"href":"https:\/\/www.forum-soegel.de\/information\/wp-json\/wp\/v2\/types\/post"}],"author":[{"embeddable":true,"href":"https:\/\/www.forum-soegel.de\/information\/wp-json\/wp\/v2\/users\/2"}],"replies":[{"embeddable":true,"href":"https:\/\/www.forum-soegel.de\/information\/wp-json\/wp\/v2\/comments?post=24198"}],"version-history":[{"count":2,"href":"https:\/\/www.forum-soegel.de\/information\/wp-json\/wp\/v2\/posts\/24198\/revisions"}],"predecessor-version":[{"id":24202,"href":"https:\/\/www.forum-soegel.de\/information\/wp-json\/wp\/v2\/posts\/24198\/revisions\/24202"}],"wp:attachment":[{"href":"https:\/\/www.forum-soegel.de\/information\/wp-json\/wp\/v2\/media?parent=24198"}],"wp:term":[{"taxonomy":"category","embeddable":true,"href":"https:\/\/www.forum-soegel.de\/information\/wp-json\/wp\/v2\/categories?post=24198"},{"taxonomy":"post_tag","embeddable":true,"href":"https:\/\/www.forum-soegel.de\/information\/wp-json\/wp\/v2\/tags?post=24198"}],"curies":[{"name":"wp","href":"https:\/\/api.w.org\/{rel}","templated":true}]}}