{"id":24194,"date":"2018-06-24T12:30:22","date_gmt":"2018-06-24T10:30:22","guid":{"rendered":"https:\/\/www.forum-soegel.de\/information\/?p=24194"},"modified":"2018-06-24T12:30:22","modified_gmt":"2018-06-24T10:30:22","slug":"kuennen-baut-neue-werkstatt-fuer-fahrzeuge","status":"publish","type":"post","link":"https:\/\/www.forum-soegel.de\/information\/2018\/06\/kuennen-baut-neue-werkstatt-fuer-fahrzeuge\/","title":{"rendered":"K\u00fcnnen baut neue Werkstatt f\u00fcr Fahrzeuge"},"content":{"rendered":"<p>S\u00f6gel &#8211; Das Autohaus K\u00fcnnen in S\u00f6gel an der Sigiltrastra\u00dfe erweitert sich. Die Erdarbeiten f\u00fcr den Bau einer neuen Werkstatt f\u00fcr Fahrzeuge haben begonnen. Die Gesch\u00e4ftsinhaber Heike und Heiko K\u00fcnnen beginnen jetzt mit dem Hochbau nach den Pl\u00e4nen vom B\u00fcro \u201eKnipper Kleine Architekten\u201c aus S\u00f6gel.<\/p>\n<p>Entstehen wird gegen\u00fcber ihrem jetzigen Autohaus mit Tankstelle ein neues Geb\u00e4ude, in dem eine neue Fahrzeugwerkstatt eingerichtet werden soll.<\/p>\n<p>Au\u00dferdem wird es Unterstellm\u00f6glichkeiten f\u00fcr die wachsende ADAC-Flotte des Unternehmerehepaares geben. Als ADAC-Mobilit\u00e4tspartner sind sie zust\u00e4ndig f\u00fcr s\u00e4mtliche Eins\u00e4tze von der A 30 bis zur B 401. Neben S\u00f6gel betreiben sie weitere Standorte in Meppen, Lingen und Lohne\/Wietmarschen; von hier ist das Unternehmen rund um die Uhr an 365 Tagen im Jahr f\u00fcr die Kunden erreichbar.<\/p>\n<p>K\u00fcnnen h\u00e4lt mit derzeit 23 Besch\u00e4ftigten ein breites Spektrum an Dienstleistungen rund um den Stra\u00dfenverkehr vor.<\/p>\n<p>Zum Portofolio des ADAC-Mobilit\u00e4tspartners im Emsland z\u00e4hlen neben der Pannenhilfe ein Abschlepp- und Bergungsdienst, ein Truck Service, eine KFZ-Werkstatt, eine Autovermietung sowie der Bereich Unfallsanierung. Dies gilt f\u00fcr Zweir\u00e4der, PKW, LKW und Transporter aller Art. Mit der neuen Fahrzeugwerkstatt k\u00f6nnen unter anderem auch die Kundenw\u00fcnsche nach Reparaturen und Wartungen von Wohnmobilen besser abgedeckt werden, so K\u00fcnnen.<\/p>\n<p>Mit R\u00fccksicht auf die Nachbarschaft wird der l\u00e4rmintensive Containerbereich im r\u00fcckw\u00e4rtigen Bereich des jetzigen Betriebsgel\u00e4ndes untergebracht. Dazu konnte das Unternehmen von der Gemeinde S\u00f6gel eine angrenzende Fl\u00e4che erwerben. Genutzt wird diese neue Fl\u00e4che im Bereich des Umweltservices der Firma. \u201eAn Unfallstellen kommt es h\u00e4ufig zum Austritt von \u00d6l oder anderen Gefahrstoffen.<\/p>\n<p>Wir verf\u00fcgen \u00fcber die entsprechenden Maschinen sowie das erforderlich Know-How, die Fahrbahn nach einem \u00d6laustritt zu s\u00e4ubern. Wenn wir eine Unfallstelle verlassen, ist die Stra\u00dfe gereinigt und s\u00e4mtliche Bestandteile des verunfallten PKWs sind von der Stra\u00dfe aufgelesen. Diese Teile werden dann in den Containern sortiert und bis zur Abfuhr gelagert.\u201c<\/p>\n<p>.Text: Ingrid Cloppenburg \/ Foto: Knipper Kleine Architekten<\/p>\n<div id=\"attachment_24195\" style=\"width: 310px\" class=\"wp-caption alignnone\"><a href=\"https:\/\/www.forum-soegel.de\/information\/2018\/06\/kuennen-baut-neue-werkstatt-fuer-fahrzeuge\/kuennen-baut-neue-werkstatt-fuer-fahrzeuge\/\" rel=\"attachment wp-att-24195\"><img loading=\"lazy\" decoding=\"async\" aria-describedby=\"caption-attachment-24195\" class=\"size-medium wp-image-24195\" src=\"https:\/\/www.forum-soegel.de\/information\/wp-content\/uploads\/2018\/06\/K\u00fcnnen-baut-neue-Werkstatt-f\u00fcr-Fahrzeuge-300x137.jpg\" alt=\"\" width=\"300\" height=\"137\" srcset=\"https:\/\/www.forum-soegel.de\/information\/wp-content\/uploads\/2018\/06\/K\u00fcnnen-baut-neue-Werkstatt-f\u00fcr-Fahrzeuge-300x137.jpg 300w, https:\/\/www.forum-soegel.de\/information\/wp-content\/uploads\/2018\/06\/K\u00fcnnen-baut-neue-Werkstatt-f\u00fcr-Fahrzeuge-768x352.jpg 768w, https:\/\/www.forum-soegel.de\/information\/wp-content\/uploads\/2018\/06\/K\u00fcnnen-baut-neue-Werkstatt-f\u00fcr-Fahrzeuge.jpg 1024w\" sizes=\"auto, (max-width: 300px) 100vw, 300px\" \/><\/a><p id=\"caption-attachment-24195\" class=\"wp-caption-text\">Nach Pl\u00e4nen des B\u00fcro Knipper Kleine Architekten baut das Autohaus K\u00fcnnen an der Sigiltrastra\u00dfe eine neue Fahrzeugwerkstatt<\/p><\/div>\n","protected":false},"excerpt":{"rendered":"S\u00f6gel &#8211; Das Autohaus K\u00fcnnen in S\u00f6gel an der Sigiltrastra\u00dfe erweitert sich. Die Erdarbeiten f\u00fcr den Bau einer neuen Werkstatt f\u00fcr Fahrzeuge haben begonnen. Die Gesch\u00e4ftsinhaber Heike und Heiko K\u00fcnnen beginnen jetzt mit dem Hochbau nach den Pl\u00e4nen vom B\u00fcro \u201eKnipper Kleine Architekten\u201c aus S\u00f6gel. Entstehen wird gegen\u00fcber ihrem jetzigen Autohaus mit Tankstelle ein neues [&hellip;]\n","protected":false},"author":2,"featured_media":0,"comment_status":"closed","ping_status":"closed","sticky":false,"template":"","format":"standard","meta":{"ngg_post_thumbnail":0,"footnotes":""},"categories":[4],"tags":[],"class_list":["post-24194","post","type-post","status-publish","format-standard","hentry","category-aus-der-geschaftswelt"],"_links":{"self":[{"href":"https:\/\/www.forum-soegel.de\/information\/wp-json\/wp\/v2\/posts\/24194","targetHints":{"allow":["GET"]}}],"collection":[{"href":"https:\/\/www.forum-soegel.de\/information\/wp-json\/wp\/v2\/posts"}],"about":[{"href":"https:\/\/www.forum-soegel.de\/information\/wp-json\/wp\/v2\/types\/post"}],"author":[{"embeddable":true,"href":"https:\/\/www.forum-soegel.de\/information\/wp-json\/wp\/v2\/users\/2"}],"replies":[{"embeddable":true,"href":"https:\/\/www.forum-soegel.de\/information\/wp-json\/wp\/v2\/comments?post=24194"}],"version-history":[{"count":2,"href":"https:\/\/www.forum-soegel.de\/information\/wp-json\/wp\/v2\/posts\/24194\/revisions"}],"predecessor-version":[{"id":24197,"href":"https:\/\/www.forum-soegel.de\/information\/wp-json\/wp\/v2\/posts\/24194\/revisions\/24197"}],"wp:attachment":[{"href":"https:\/\/www.forum-soegel.de\/information\/wp-json\/wp\/v2\/media?parent=24194"}],"wp:term":[{"taxonomy":"category","embeddable":true,"href":"https:\/\/www.forum-soegel.de\/information\/wp-json\/wp\/v2\/categories?post=24194"},{"taxonomy":"post_tag","embeddable":true,"href":"https:\/\/www.forum-soegel.de\/information\/wp-json\/wp\/v2\/tags?post=24194"}],"curies":[{"name":"wp","href":"https:\/\/api.w.org\/{rel}","templated":true}]}}