{"id":24190,"date":"2018-06-01T12:26:26","date_gmt":"2018-06-01T10:26:26","guid":{"rendered":"https:\/\/www.forum-soegel.de\/information\/?p=24190"},"modified":"2018-06-24T12:29:01","modified_gmt":"2018-06-24T10:29:01","slug":"erstes-summer-opening-bei-den-huemmlinger-hofspezialitaeten","status":"publish","type":"post","link":"https:\/\/www.forum-soegel.de\/information\/2018\/06\/erstes-summer-opening-bei-den-huemmlinger-hofspezialitaeten\/","title":{"rendered":"Erstes \u201eSummer Opening\u201c bei den H\u00fcmmlinger Hofspezialit\u00e4ten"},"content":{"rendered":"<p>S\u00f6gel &#8211; Zu einem ersten Sommerfest \u201eSummer Opening\u201c im heimischen Garten unter Mitbenutzung der Au\u00dfenanlagen l\u00e4dt Maria Rolfes von den H\u00fcmmlinger Hofspezialit\u00e4ten in S\u00f6gel, Amtsvogtsweg 42,\u00a0 am 24. Juni von 11 bis 18 Uhr ein. \u201eIch m\u00f6chte mit meinen Kunden und G\u00e4sten den Sommer begr\u00fc\u00dfen\u201c, hofft Frau Rolfes auf gutes Wetter.<\/p>\n<p>Der Tag soll besonders dem Probieren im gem\u00fctlichen Ambiente des Gartens gewidmet sein. So gibt es neben vielerlei Weinen im Ausschank auch\u00a0 ein breites Angebot an regionalen Produkten. Ihren neuen und frisch abgef\u00fcllten \u201eButterlik\u00f6r\u201c wird die Gastgeberin erstmals der \u00d6ffentlichkeit darbieten.<\/p>\n<p>Als besonderes Highlight wird ein \u201eOpen Cooking\u201c pr\u00e4sentiert. Hier konnte Rolfes gleich zwei Spezialisten anheuern. Zum einen wird Tim Ludmann vom \u201eAhrenhorster Edelfisch\u201c aus Badbergen frisch gegrillten Waller pr\u00e4sentieren. Als Weiteres wird\u00a0 \u201eEatventure\u201c aus Werlte verschiedene schmackhafte Grill- und Burgerspezialit\u00e4ten anbieten.<\/p>\n<p>Diese Speisen k\u00f6nnen mit Getr\u00e4nken aus den H\u00fcmmlinger Hofspezialit\u00e4ten genossen werden, k\u00fcndigt die Inhaberin an. Sie hat ihr eigenes Weinangebot um das in der S\u00f6geler Umgebung bekannte Repertoire von \u201eItsches Weinkiste\u201c erweitert. \u201eDurch das vergr\u00f6\u00dferte Angebot kann ich noch besser auf die verschiedenen W\u00fcnsche der Kunden eingehen\u201c, freut sich die Unternehmerin. Verschiedene Saftschorlen runden das Angebot ab.<\/p>\n<p>Besondere Aufmerksamkeit wird auch Benjamin Rinelli mit seinen hochwertigen Strandk\u00f6rben auf sich ziehen, hofft die Gastgeberin. Bei ihm kann man Strandk\u00f6rbe in bester Qualit\u00e4t nach pers\u00f6nlicher Beratung individuell in Auftrag geben. Victor Stanley wird indes den Tag musikalisch umrahmen und mit seinen klangvollen Liedern f\u00fcr lockere und entspannte Stimmung sorgen.<\/p>\n<p>Ein besonderes Highlight ist der Auftritt von G\u00e4sten aus Uganda. Eine Abordnung des Chors \u201e HIMBISA MUKAMA\u201c wird eine weitere musikalische Besonderheit darstellen.<\/p>\n<p>Der Eintritt betr\u00e4gt 4 Euro pro Person. Kinder haben freien Eintritt. Dabei kommt der Reinerl\u00f6s der Veranstaltung der Belu-Ugangda-Hilfe zugute.<\/p>\n<p>Bildunterschrift: Auf gutes Wetter beim ersten \u201eSummer Opening\u201c am 24. Juni hofft Maria Rolfes von den H\u00fcmmlinger Hofspezialit\u00e4ten.<\/p>\n<p>Text\/Foto: Ingrid Cloppenburg<\/p>\n<p>&nbsp;<\/p>\n<div id=\"attachment_24191\" style=\"width: 235px\" class=\"wp-caption alignnone\"><a href=\"https:\/\/www.forum-soegel.de\/information\/2018\/06\/erstes-summer-opening-bei-den-huemmlinger-hofspezialitaeten\/erstes-summer-opening-bei-den-huemmlinger-hofspezialitaeten\/\" rel=\"attachment wp-att-24191\"><img loading=\"lazy\" decoding=\"async\" aria-describedby=\"caption-attachment-24191\" class=\"size-medium wp-image-24191\" src=\"https:\/\/www.forum-soegel.de\/information\/wp-content\/uploads\/2018\/06\/Erstes-Summer-Opening-bei-den-H\u00fcmmlinger-Hofspezialit\u00e4ten-e1529836095801-225x300.jpg\" alt=\"\" width=\"225\" height=\"300\" srcset=\"https:\/\/www.forum-soegel.de\/information\/wp-content\/uploads\/2018\/06\/Erstes-Summer-Opening-bei-den-H\u00fcmmlinger-Hofspezialit\u00e4ten-e1529836095801-225x300.jpg 225w, https:\/\/www.forum-soegel.de\/information\/wp-content\/uploads\/2018\/06\/Erstes-Summer-Opening-bei-den-H\u00fcmmlinger-Hofspezialit\u00e4ten-e1529836095801.jpg 768w\" sizes=\"auto, (max-width: 225px) 100vw, 225px\" \/><\/a><p id=\"caption-attachment-24191\" class=\"wp-caption-text\">Auf gutes Wetter beim ersten \u201eSummer Opening\u201c am 24. Juni hofft Maria Rolfes von den H\u00fcmmlinger Hofspezialit\u00e4ten.<\/p><\/div>\n","protected":false},"excerpt":{"rendered":"S\u00f6gel &#8211; Zu einem ersten Sommerfest \u201eSummer Opening\u201c im heimischen Garten unter Mitbenutzung der Au\u00dfenanlagen l\u00e4dt Maria Rolfes von den H\u00fcmmlinger Hofspezialit\u00e4ten in S\u00f6gel, Amtsvogtsweg 42,\u00a0 am 24. Juni von 11 bis 18 Uhr ein. \u201eIch m\u00f6chte mit meinen Kunden und G\u00e4sten den Sommer begr\u00fc\u00dfen\u201c, hofft Frau Rolfes auf gutes Wetter. Der Tag soll besonders [&hellip;]\n","protected":false},"author":2,"featured_media":0,"comment_status":"closed","ping_status":"closed","sticky":false,"template":"","format":"standard","meta":{"ngg_post_thumbnail":0,"footnotes":""},"categories":[4],"tags":[],"class_list":["post-24190","post","type-post","status-publish","format-standard","hentry","category-aus-der-geschaftswelt"],"_links":{"self":[{"href":"https:\/\/www.forum-soegel.de\/information\/wp-json\/wp\/v2\/posts\/24190","targetHints":{"allow":["GET"]}}],"collection":[{"href":"https:\/\/www.forum-soegel.de\/information\/wp-json\/wp\/v2\/posts"}],"about":[{"href":"https:\/\/www.forum-soegel.de\/information\/wp-json\/wp\/v2\/types\/post"}],"author":[{"embeddable":true,"href":"https:\/\/www.forum-soegel.de\/information\/wp-json\/wp\/v2\/users\/2"}],"replies":[{"embeddable":true,"href":"https:\/\/www.forum-soegel.de\/information\/wp-json\/wp\/v2\/comments?post=24190"}],"version-history":[{"count":2,"href":"https:\/\/www.forum-soegel.de\/information\/wp-json\/wp\/v2\/posts\/24190\/revisions"}],"predecessor-version":[{"id":24193,"href":"https:\/\/www.forum-soegel.de\/information\/wp-json\/wp\/v2\/posts\/24190\/revisions\/24193"}],"wp:attachment":[{"href":"https:\/\/www.forum-soegel.de\/information\/wp-json\/wp\/v2\/media?parent=24190"}],"wp:term":[{"taxonomy":"category","embeddable":true,"href":"https:\/\/www.forum-soegel.de\/information\/wp-json\/wp\/v2\/categories?post=24190"},{"taxonomy":"post_tag","embeddable":true,"href":"https:\/\/www.forum-soegel.de\/information\/wp-json\/wp\/v2\/tags?post=24190"}],"curies":[{"name":"wp","href":"https:\/\/api.w.org\/{rel}","templated":true}]}}