{"id":24186,"date":"2018-06-24T12:26:21","date_gmt":"2018-06-24T10:26:21","guid":{"rendered":"https:\/\/www.forum-soegel.de\/information\/?p=24186"},"modified":"2018-06-24T12:26:21","modified_gmt":"2018-06-24T10:26:21","slug":"bernd-sieve-beraet-bei-fragen-zu-immobilien-und-finanzierungen","status":"publish","type":"post","link":"https:\/\/www.forum-soegel.de\/information\/2018\/06\/bernd-sieve-beraet-bei-fragen-zu-immobilien-und-finanzierungen\/","title":{"rendered":"Bernd Sieve ber\u00e4t bei Fragen zu Immobilien und Finanzierungen"},"content":{"rendered":"<p><a href=\"https:\/\/www.forum-soegel.de\/information\/2018\/06\/bernd-sieve-beraet-bei-fragen-zu-immobilien-und-finanzierungen\/bernd-sieve-beraet-bei-fragen-zu-immobilien-und-finanzierungen\/\" rel=\"attachment wp-att-24187\"><img loading=\"lazy\" decoding=\"async\" class=\"alignleft size-medium wp-image-24187\" src=\"https:\/\/www.forum-soegel.de\/information\/wp-content\/uploads\/2018\/06\/Bernd-Sieve-ber\u00e4t-bei-Fragen-zu-Immobilien-und-Finanzierungen-300x200.jpg\" alt=\"\" width=\"300\" height=\"200\" srcset=\"https:\/\/www.forum-soegel.de\/information\/wp-content\/uploads\/2018\/06\/Bernd-Sieve-ber\u00e4t-bei-Fragen-zu-Immobilien-und-Finanzierungen-300x200.jpg 300w, https:\/\/www.forum-soegel.de\/information\/wp-content\/uploads\/2018\/06\/Bernd-Sieve-ber\u00e4t-bei-Fragen-zu-Immobilien-und-Finanzierungen-768x512.jpg 768w, https:\/\/www.forum-soegel.de\/information\/wp-content\/uploads\/2018\/06\/Bernd-Sieve-ber\u00e4t-bei-Fragen-zu-Immobilien-und-Finanzierungen.jpg 1024w\" sizes=\"auto, (max-width: 300px) 100vw, 300px\" \/><\/a>H\u00fcmmling &#8211; \u00a0Nach 18 Jahren Berufsleben in einer f\u00fchrenden Position im Bankenbereich hat sich Bernd Sieve seit April im Bereich Immobilien und Finanzen selbstst\u00e4ndig gemacht. In der Oldenburger Stra\u00dfe 13 in Werlte hat der 46-j\u00e4hrige Dipl.-Kaufmann sein B\u00fcro bezogen.<\/p>\n<p>Um sich qualitativ in der Branche gut aufzustellen, vertiefte er seine Kenntnisse in einer 6-monatigen Weiterbildung zum IHK Immobilienmakler und zum gepr\u00fcften Immobilienfachwirt IHK und bestand im Dezember 2017 erfolgreich seine Abschlusspr\u00fcfung als Immobilienfachwirt vor der IHK Hannover. Als langj\u00e4hriger B\u00e4nker ist der Schritt in die Selbstst\u00e4ndigkeit mit der \u201eBernd Sieve Immobilien und Finanzen GmbH\u201c daher kein Neuland, da auch im Bankenbereich die Vermittlung von Immobilien ein Teil seines Aufgabenbereiches war.<\/p>\n<p>Der Kern seiner Arbeit liegt im Immobiliengesch\u00e4ft als Makler. Dabei ber\u00e4t er seine Kunden beim Verkauf, Kauf oder bei der Vermietung von Immobilien. Von der Bewertung der Immobilie und Beschaffung aller notwendigen Unterlagen sowie deren Aufarbeitung und Aufbewahrung, der Erstellung von aussagekr\u00e4ftigen Expos\u00e9s bis hin zur Ausarbeitung des Kaufvertrages in Zusammenarbeit mit einem Notariat erstreckt sich der Leistungskatalog. Im Bereich der Vermietung steht er sowohl f\u00fcr den Vermieter als auch f\u00fcr den suchenden Mietinteressenten als Ansprechpartner zur Verf\u00fcgung.<\/p>\n<p>Aufgrund seiner jahrelangen beruflichen Erfahrungen im Baufinanzierungsbereich ist Bernd Sieve auch als Immobiliardarlehensvermittler t\u00e4tig. Dabei steht er seinen Kunden bei allen Fragen rund um die Finanzierung, etwa Neubaufinanzierung, Kaufpreisfinanzierungen, Anschlussfinanzierungen bei Zinsabl\u00e4ufen, Forward-Darlehen, Finanzierungen f\u00fcr private Anschaffungen wie KFZ, Wohnungseinrichtung, etc. oder Umschuldungen als kompetenter Partner zur Seite. In dieser Branche wird es immer wichtiger, als verl\u00e4sslicher, kompetenter Ansprechpartner f\u00fcr die Kunden zur Verf\u00fcgung zu stehen. In Zusammenarbeit mit den Kunden werden individuelle, bankenunabh\u00e4ngige Finanzierungskonzepte f\u00fcr den Kunden erstellt. Der Kunde kann sich unter mehreren Alternativen das f\u00fcr ihn passendste Angebot heraussuchen.<\/p>\n<p>F\u00fcr angehende Existenzgr\u00fcnder werden Hilfestellungen im Bereich der Gr\u00fcndungsfinanzierung, der Erstellung von Business-, Liquidit\u00e4ts- und Erfolgspl\u00e4nen angeboten.<\/p>\n<p>Text: SSt \/ Foto: Manuela Wucherpfennig<\/p>\n","protected":false},"excerpt":{"rendered":"H\u00fcmmling &#8211; \u00a0Nach 18 Jahren Berufsleben in einer f\u00fchrenden Position im Bankenbereich hat sich Bernd Sieve seit April im Bereich Immobilien und Finanzen selbstst\u00e4ndig gemacht. In der Oldenburger Stra\u00dfe 13 in Werlte hat der 46-j\u00e4hrige Dipl.-Kaufmann sein B\u00fcro bezogen. Um sich qualitativ in der Branche gut aufzustellen, vertiefte er seine Kenntnisse in einer 6-monatigen Weiterbildung [&hellip;]\n","protected":false},"author":2,"featured_media":0,"comment_status":"closed","ping_status":"closed","sticky":false,"template":"","format":"standard","meta":{"ngg_post_thumbnail":0,"footnotes":""},"categories":[4],"tags":[],"class_list":["post-24186","post","type-post","status-publish","format-standard","hentry","category-aus-der-geschaftswelt"],"_links":{"self":[{"href":"https:\/\/www.forum-soegel.de\/information\/wp-json\/wp\/v2\/posts\/24186","targetHints":{"allow":["GET"]}}],"collection":[{"href":"https:\/\/www.forum-soegel.de\/information\/wp-json\/wp\/v2\/posts"}],"about":[{"href":"https:\/\/www.forum-soegel.de\/information\/wp-json\/wp\/v2\/types\/post"}],"author":[{"embeddable":true,"href":"https:\/\/www.forum-soegel.de\/information\/wp-json\/wp\/v2\/users\/2"}],"replies":[{"embeddable":true,"href":"https:\/\/www.forum-soegel.de\/information\/wp-json\/wp\/v2\/comments?post=24186"}],"version-history":[{"count":2,"href":"https:\/\/www.forum-soegel.de\/information\/wp-json\/wp\/v2\/posts\/24186\/revisions"}],"predecessor-version":[{"id":24189,"href":"https:\/\/www.forum-soegel.de\/information\/wp-json\/wp\/v2\/posts\/24186\/revisions\/24189"}],"wp:attachment":[{"href":"https:\/\/www.forum-soegel.de\/information\/wp-json\/wp\/v2\/media?parent=24186"}],"wp:term":[{"taxonomy":"category","embeddable":true,"href":"https:\/\/www.forum-soegel.de\/information\/wp-json\/wp\/v2\/categories?post=24186"},{"taxonomy":"post_tag","embeddable":true,"href":"https:\/\/www.forum-soegel.de\/information\/wp-json\/wp\/v2\/tags?post=24186"}],"curies":[{"name":"wp","href":"https:\/\/api.w.org\/{rel}","templated":true}]}}