{"id":2394,"date":"2010-06-01T00:03:22","date_gmt":"2010-05-31T22:03:22","guid":{"rendered":"https:\/\/www.forum-soegel.de\/information\/?p=2394"},"modified":"2010-05-30T13:23:46","modified_gmt":"2010-05-30T11:23:46","slug":"tag-der-freundschaft","status":"publish","type":"post","link":"https:\/\/www.forum-soegel.de\/information\/2010\/06\/tag-der-freundschaft\/","title":{"rendered":"Tag der Freundschaft"},"content":{"rendered":"<p>Am 6. Juni findet in S\u00f6gel auf der Sportanlage beim Waldbad der \u201eTag der Freundschaft\u201c mit der niederl\u00e4ndischen Partnergemeinde Noordenfeld (ehemals Norg) statt. Ein umfangreiches Programm wird f\u00fcr Kurzweil und Unterhaltung sorgen. Der SV Sigiltra S\u00f6gel unterst\u00fctzt diesen Freundschaftstag mit dem traditionellen \u201eSigiltra Sport Tag\u201c. Der Handel- und Gewerbeverein S\u00f6gel begleitet diese Veranstaltungen mit einem verkaufsoffenen Sonntag und vielen Einzelaktionen.<\/p>\n<p>Programm:<\/p>\n<p><strong>Sportgel\u00e4nde Sigiltrastra\u00dfe (12:00 Uhr \u2013 15:00 Uhr)<\/strong><\/p>\n<p>12:00 Uhr\u00a0\u00a0 Ankunft der niederl\u00e4ndischen G\u00e4ste am Sportgel\u00e4nde, Sigiltrastra\u00dfe<\/p>\n<p>\u00a0\u00a0\u00a0\u00a0\u00a0\u00a0\u00a0\u00a0\u00a0\u00a0\u00a0\u00a0\u00a0\u00a0\u00a0\u00a0\u00a0\u00a0 musikalische Begr\u00fc\u00dfung durch die Kolpingkapelle<\/p>\n<p>12:15 Uhr\u00a0\u00a0 Begr\u00fc\u00dfung durch B\u00fcrgermeister Heiner Wellenbrock und<\/p>\n<p>13:00 Uhr\u00a0\u00a0 Er\u00f6ffnung der Sportveranstaltung<\/p>\n<p>\u00a0\u00a0\u00a0\u00a0\u00a0\u00a0\u00a0\u00a0\u00a0\u00a0\u00a0\u00a0\u00a0\u00a0\u00a0\u00a0\u00a0\u00a0 Fu\u00dfballspiel,\u00a0 Korbball, Mannschaftswettbewerbe (je eine Mannschaft aus S\u00f6gel und \u00a0\u00a0\u00a0\u00a0\u00a0\u00a0\u00a0\u00a0\u00a0\u00a0\u00a0\u00a0\u00a0\u00a0<\/p>\n<p>\u00a0\u00a0\u00a0\u00a0\u00a0\u00a0\u00a0\u00a0\u00a0\u00a0\u00a0\u00a0\u00a0\u00a0\u00a0\u00a0\u00a0\u00a0 Norg), Bungee Running, Skilaufen, Gorodki, Parcours mit Pedalo bzw. Wawago und<\/p>\n<p>\u00a0\u00a0\u00a0\u00a0\u00a0\u00a0\u00a0\u00a0\u00a0\u00a0\u00a0\u00a0\u00a0\u00a0\u00a0\u00a0\u00a0\u00a0 Schildkr\u00f6ten) und Vier gewinnt\u00a0<\/p>\n<p>13:00 Uhr\u00a0\u00a0 Beginn des Bridge-Turniers im <strong>Heuerhaus<\/strong><\/p>\n<p>14:00 Uhr\u00a0\u00a0 A<strong>usstellungser\u00f6ffnung im Rathaus Ludmillenhof, K\u00fcnstler aus Norg stellen aus<\/strong><\/p>\n<p><strong>Heimathof (15:30 Uhr \u2013 17:30 Uhr) <\/strong><\/p>\n<p>Begr\u00fc\u00dfung der G\u00e4ste durch den Vorsitzenden des Heimatvereins<\/p>\n<p>Kaffee und Kuchen im Heimathaus,\u00a0 Musikalische Begleitung durch die Trecksacksp\u00e4ler, Volkstanzgruppe des Heimatvereins, Volkstanzgruppe aus Norg, Tanzsportgruppe \u201eSigiltra Dancing\u201c, Ausstellung Historischer Verein Norg, Mannschaftswettbewerb H\u00fcmmling-Olympiade (die beiden R\u00e4te stellen je eine Mannschaft)<\/p>\n","protected":false},"excerpt":{"rendered":"Am 6. Juni findet in S\u00f6gel auf der Sportanlage beim Waldbad der \u201eTag der Freundschaft\u201c mit der niederl\u00e4ndischen Partnergemeinde Noordenfeld (ehemals Norg) statt. Ein umfangreiches Programm wird f\u00fcr Kurzweil und Unterhaltung sorgen. Der SV Sigiltra S\u00f6gel unterst\u00fctzt diesen Freundschaftstag mit dem traditionellen \u201eSigiltra Sport Tag\u201c. Der Handel- und Gewerbeverein S\u00f6gel begleitet diese Veranstaltungen mit einem [&hellip;]\n","protected":false},"author":2,"featured_media":0,"comment_status":"closed","ping_status":"closed","sticky":false,"template":"","format":"standard","meta":{"ngg_post_thumbnail":0,"footnotes":""},"categories":[10],"tags":[360,296,359],"class_list":["post-2394","post","type-post","status-publish","format-standard","hentry","category-rat-und-verwaltung-informieren","tag-noordenfeld","tag-norg","tag-tag-der-freundschaft"],"_links":{"self":[{"href":"https:\/\/www.forum-soegel.de\/information\/wp-json\/wp\/v2\/posts\/2394","targetHints":{"allow":["GET"]}}],"collection":[{"href":"https:\/\/www.forum-soegel.de\/information\/wp-json\/wp\/v2\/posts"}],"about":[{"href":"https:\/\/www.forum-soegel.de\/information\/wp-json\/wp\/v2\/types\/post"}],"author":[{"embeddable":true,"href":"https:\/\/www.forum-soegel.de\/information\/wp-json\/wp\/v2\/users\/2"}],"replies":[{"embeddable":true,"href":"https:\/\/www.forum-soegel.de\/information\/wp-json\/wp\/v2\/comments?post=2394"}],"version-history":[{"count":3,"href":"https:\/\/www.forum-soegel.de\/information\/wp-json\/wp\/v2\/posts\/2394\/revisions"}],"predecessor-version":[{"id":2397,"href":"https:\/\/www.forum-soegel.de\/information\/wp-json\/wp\/v2\/posts\/2394\/revisions\/2397"}],"wp:attachment":[{"href":"https:\/\/www.forum-soegel.de\/information\/wp-json\/wp\/v2\/media?parent=2394"}],"wp:term":[{"taxonomy":"category","embeddable":true,"href":"https:\/\/www.forum-soegel.de\/information\/wp-json\/wp\/v2\/categories?post=2394"},{"taxonomy":"post_tag","embeddable":true,"href":"https:\/\/www.forum-soegel.de\/information\/wp-json\/wp\/v2\/tags?post=2394"}],"curies":[{"name":"wp","href":"https:\/\/api.w.org\/{rel}","templated":true}]}}