{"id":23803,"date":"2018-04-01T00:37:14","date_gmt":"2018-03-31T22:37:14","guid":{"rendered":"https:\/\/www.forum-soegel.de\/information\/?p=23803"},"modified":"2018-03-30T19:42:17","modified_gmt":"2018-03-30T17:42:17","slug":"ostern-neue-ausstellungen-und-besondere-veranstaltungen","status":"publish","type":"post","link":"https:\/\/www.forum-soegel.de\/information\/2018\/04\/ostern-neue-ausstellungen-und-besondere-veranstaltungen\/","title":{"rendered":"Ostern, neue Ausstellungen und besondere Veranstaltungen"},"content":{"rendered":"<p><a href=\"https:\/\/www.forum-soegel.de\/information\/wp-content\/uploads\/2015\/09\/Schloss-Clemenswerth.jpg\"><img loading=\"lazy\" decoding=\"async\" class=\"alignleft size-full wp-image-17258\" src=\"https:\/\/www.forum-soegel.de\/information\/wp-content\/uploads\/2015\/09\/Schloss-Clemenswerth.jpg\" alt=\"\" width=\"201\" height=\"130\" \/><\/a>S\u00f6gel &#8211; Am Ostersonntag (1. April) l\u00e4dt das Emslandmuseum Schloss Clemenswerth wieder zum Osterevent ein. Besucher, insbesondere Familien und Kinder, erwartet an diesem Tag mit dem Basteltisch, dem Schminkzelt, dem Luftballonwettbewerb und Ostertieren ein abwechslungsreiches Programm. H\u00f6hepunkt des Tages ist wieder die Eiersuche um 13.30 und 15.30 Uhr. Ge\u00f6ffnet haben mit Beginn der Osterfeiertage (Karfreitag, 30. M\u00e4rz) auch wieder alle Pavillons. Neben den Dauerausstellungen gibt es auch zwei Sonderausstellungen zu sehen: Im Pavillon Clement August ist \u201eWenzel Hablik und die Idee vom Gesamtkunstwerk\u201c (30.03. &#8211; 17.06.) zu sehen. Erst im Januar endete eine gro\u00dfe \u00dcberblicksschau \u00fcber sein Lebenswerk im Martin-Gropius-Bau Berlin \u201eNun macht sie mit ausgew\u00e4hlten Arbeiten\u201c, so Museumsdirektor Oliver Fok, \u201eStation auf Schloss Clemenswerth.\u201c Zu sehen sind neben utopischen Architekturentw\u00fcrfen und fantastischen Bildwelten auch Objekte der Angewandten Kunst wie Webmuster, M\u00f6bel und Schmuck. Mit Wenzel Hablik ist nach Johann Michael Bossard (2015), Karl Junker (2016) und Emil Maetzel (2017) das vierte Werk eines K\u00fcnstlers zu sehen, der mit seiner Kunst versuchte, alle Lebensbereiche zu gestalten. Oliver Fok sagt: \u201eMit Wenzel Hablik erwartet Besucher eine sehr spannende und vision\u00e4re Ausstellung, deren Kunstwerke Zuk\u00fcnftiges vorwegnahmen.\u201c Auf den Teichinseln sind in diesem Jahr drei Arbeiten aus Weiden\u00e4sten (01.04. \u2013 31.10.) des Landschaftsk\u00fcnstlers Joachim Jacob positioniert, die von barocken Stilelementen inspiriert sind. \u2013 Des Weiteren finden im April die beliebten Antiquit\u00e4ten- (14.04., 15 Uhr) und Restaurierungs-Sprechstunden (19.04., 18.30 Uhr) statt. Bei beiden Veranstaltungen ist eine Teilnahme nur nach vorheriger Anmeldung (Tel. 05952 \/ 93 23 25) m\u00f6glich! Erstmalig pr\u00e4sentieren auch junge Blockfl\u00f6tentalente der Musikschule des Emslandes mit ihren Lehrern ihr K\u00f6nnen in einem Schlosskonzert (22.04., 18 Uhr).<\/p>\n<p>Text: Ramona Krons \/ Foto: HablikWenzel-Hablik-Stiftung,Itzehoe<\/p>\n<p><a href=\"https:\/\/www.forum-soegel.de\/information\/wp-content\/uploads\/2018\/03\/Text-Ostern-Ausstellungen-und-Veranstaltungen.jpg\"><img loading=\"lazy\" decoding=\"async\" class=\"alignnone wp-image-23805 size-medium\" src=\"https:\/\/www.forum-soegel.de\/information\/wp-content\/uploads\/2018\/03\/Text-Ostern-Ausstellungen-und-Veranstaltungen-300x237.jpg\" alt=\"\" width=\"300\" height=\"237\" srcset=\"https:\/\/www.forum-soegel.de\/information\/wp-content\/uploads\/2018\/03\/Text-Ostern-Ausstellungen-und-Veranstaltungen-300x237.jpg 300w, https:\/\/www.forum-soegel.de\/information\/wp-content\/uploads\/2018\/03\/Text-Ostern-Ausstellungen-und-Veranstaltungen-768x608.jpg 768w, https:\/\/www.forum-soegel.de\/information\/wp-content\/uploads\/2018\/03\/Text-Ostern-Ausstellungen-und-Veranstaltungen-1024x811.jpg 1024w\" sizes=\"auto, (max-width: 300px) 100vw, 300px\" \/><\/a><\/p>\n","protected":false},"excerpt":{"rendered":"S\u00f6gel &#8211; Am Ostersonntag (1. April) l\u00e4dt das Emslandmuseum Schloss Clemenswerth wieder zum Osterevent ein. Besucher, insbesondere Familien und Kinder, erwartet an diesem Tag mit dem Basteltisch, dem Schminkzelt, dem Luftballonwettbewerb und Ostertieren ein abwechslungsreiches Programm. H\u00f6hepunkt des Tages ist wieder die Eiersuche um 13.30 und 15.30 Uhr. Ge\u00f6ffnet haben mit Beginn der Osterfeiertage (Karfreitag, [&hellip;]\n","protected":false},"author":2,"featured_media":0,"comment_status":"closed","ping_status":"closed","sticky":false,"template":"","format":"standard","meta":{"ngg_post_thumbnail":0,"footnotes":""},"categories":[3],"tags":[],"class_list":["post-23803","post","type-post","status-publish","format-standard","hentry","category-aktuelles-aus-der-region"],"_links":{"self":[{"href":"https:\/\/www.forum-soegel.de\/information\/wp-json\/wp\/v2\/posts\/23803","targetHints":{"allow":["GET"]}}],"collection":[{"href":"https:\/\/www.forum-soegel.de\/information\/wp-json\/wp\/v2\/posts"}],"about":[{"href":"https:\/\/www.forum-soegel.de\/information\/wp-json\/wp\/v2\/types\/post"}],"author":[{"embeddable":true,"href":"https:\/\/www.forum-soegel.de\/information\/wp-json\/wp\/v2\/users\/2"}],"replies":[{"embeddable":true,"href":"https:\/\/www.forum-soegel.de\/information\/wp-json\/wp\/v2\/comments?post=23803"}],"version-history":[{"count":1,"href":"https:\/\/www.forum-soegel.de\/information\/wp-json\/wp\/v2\/posts\/23803\/revisions"}],"predecessor-version":[{"id":23806,"href":"https:\/\/www.forum-soegel.de\/information\/wp-json\/wp\/v2\/posts\/23803\/revisions\/23806"}],"wp:attachment":[{"href":"https:\/\/www.forum-soegel.de\/information\/wp-json\/wp\/v2\/media?parent=23803"}],"wp:term":[{"taxonomy":"category","embeddable":true,"href":"https:\/\/www.forum-soegel.de\/information\/wp-json\/wp\/v2\/categories?post=23803"},{"taxonomy":"post_tag","embeddable":true,"href":"https:\/\/www.forum-soegel.de\/information\/wp-json\/wp\/v2\/tags?post=23803"}],"curies":[{"name":"wp","href":"https:\/\/api.w.org\/{rel}","templated":true}]}}