{"id":23711,"date":"2018-04-01T00:37:45","date_gmt":"2018-03-31T22:37:45","guid":{"rendered":"https:\/\/www.forum-soegel.de\/information\/?p=23711"},"modified":"2018-04-29T14:15:04","modified_gmt":"2018-04-29T12:15:04","slug":"huevener-muehle-2-500-besucher-im-jahr-2017","status":"publish","type":"post","link":"https:\/\/www.forum-soegel.de\/information\/2018\/04\/huevener-muehle-2-500-besucher-im-jahr-2017\/","title":{"rendered":"H\u00fcvener M\u00fchle: 2.500 Besucher im Jahr 2017"},"content":{"rendered":"<p><strong>Generalversammlung F\u00f6rderkreis H\u00fcvener M\u00fchle e.V.<\/strong><\/p>\n<p>H\u00fcven &#8211; Auf seiner j\u00fcngsten Generalversammlung hielt der F\u00f6rderverein R\u00fcckblick auf die vergangene Saison. Rund 2.500 G\u00e4ste konnten in 2017 im Besucherzentrum der H\u00fcvener M\u00fchle begr\u00fc\u00dft werden. In 24 gebuchten F\u00fchrungen wurde den G\u00e4sten die Funktion und die Entstehung der H\u00fcvener M\u00fchle erkl\u00e4rt. Sogar f\u00fcnf Paare haben ihre standesamtliche Trauung in der historischen M\u00fchle vollzogen. Dieses sagte Vorsitzende Hedwig Fust-Sanders.<\/p>\n<p>Als besonderer H\u00f6hepunkt in der M\u00fchlensaison kann allj\u00e4hrlich der M\u00fchlentag an Pfingstmontag angesehen werden. Der Gottesdienst und Fr\u00fchschoppen unter freiem Himmel zieht viele G\u00e4ste aus der n\u00e4heren Umgebung. M\u00fcller mahlen an diesem Tag ganz traditionell mit Wasser und Wind.<\/p>\n<p>Dem Verein geh\u00f6ren nach Aussagen des Kassenwartes Klaus Hannok 163 Mitglieder an. Im Jahr 2017 standen h\u00f6here Ausgaben f\u00fcr einen neuen Rasenm\u00e4her und f\u00fcr die Neugestaltung der Homepage an. Es wurde zudem eine Beschattungsanlage im Info-Zentrum angebaut.<\/p>\n<p>Im Verlauf der Vorstandswahlen wurden Willi Geers (stellvertr. Vorsitzender); Klaus Hannok (Kassenwart) und Karl Nortmann (1. Beisitzer) in ihren \u00c4mtern best\u00e4tigt.<\/p>\n<p>Der F\u00f6rderverein hat f\u00fcr die kommende Saison, die am 1. April beginnt, zahlreiche Programmpunkte festgelegt. Mahl- und Backtage finden wie gewohnt jeden zweiten Sonntag im Monat statt. Am Ostermontag gibt es rund um die H\u00fcvener M\u00fchle ein Ostereiersuchen f\u00fcr Kinder in Zusammenarbeit mit dem P\u00e4chter der Gastst\u00e4tte. Der M\u00fchlentag wird wieder am Pfingstmontag angeboten. Hier sucht der Verein f\u00fcr das Programm am M\u00fchlentag noch Aussteller, die z.B. Kunsthandwerk, Selbstgemachtes oder anderes Interessante anbieten oder auch alte oder neue handwerkliche Techniken vorf\u00fchren k\u00f6nnen. Standgeld wird nicht erhoben.<\/p>\n<p>Besonders freut sich der Vorstand \u00fcber die Beteiligung an einer gro\u00dfe Oldtimer-Ausfahrt der Firma Liesen aus Lingen am 10. Juni.<\/p>\n<p>\u201e8 Trauungstermine sind bereits f\u00fcr 2018 reserviert\u201c, so die Vorsitzende. Als zus\u00e4tzliche Erg\u00e4nzung zum vorliegenden Arrangement k\u00f6nnen ab sofort \u201ewei\u00dfe Hochzeits-Tauben\u201c gebucht werden. Sie appelliert an die H\u00fcvener B\u00fcrger und andere Interessierte: \u201eWir brauchen Unterst\u00fctzung beim ehrenamtlichen Engagement, z.B. als G\u00e4stebetreuer w\u00e4hrend der \u00d6ffnungszeiten, als G\u00e4stef\u00fchrer (auch f\u00fcr Kinderf\u00fchrungen), beim Brotbacken w\u00e4hrend der Mahl- und Backtage und bei der Pflege des Gel\u00e4ndes und der Geb\u00e4ude.\u201c<\/p>\n<p>Text: Ingrid Cloppenburg \/ Foto: F\u00f6rderverein H\u00fcvener M\u00fchle<\/p>\n<p><a href=\"https:\/\/www.forum-soegel.de\/information\/wp-content\/uploads\/2018\/04\/H\u00fcven-F\u00f6rderkreis-H\u00fcvener-M\u00fchle-2018.jpg\"><img loading=\"lazy\" decoding=\"async\" class=\"alignnone size-medium wp-image-23830\" src=\"https:\/\/www.forum-soegel.de\/information\/wp-content\/uploads\/2018\/04\/H\u00fcven-F\u00f6rderkreis-H\u00fcvener-M\u00fchle-2018-300x219.jpg\" alt=\"\" width=\"300\" height=\"219\" srcset=\"https:\/\/www.forum-soegel.de\/information\/wp-content\/uploads\/2018\/04\/H\u00fcven-F\u00f6rderkreis-H\u00fcvener-M\u00fchle-2018-300x219.jpg 300w, https:\/\/www.forum-soegel.de\/information\/wp-content\/uploads\/2018\/04\/H\u00fcven-F\u00f6rderkreis-H\u00fcvener-M\u00fchle-2018-768x561.jpg 768w, https:\/\/www.forum-soegel.de\/information\/wp-content\/uploads\/2018\/04\/H\u00fcven-F\u00f6rderkreis-H\u00fcvener-M\u00fchle-2018-1024x748.jpg 1024w\" sizes=\"auto, (max-width: 300px) 100vw, 300px\" \/><\/a><\/p>\n<p>&nbsp;<\/p>\n","protected":false},"excerpt":{"rendered":"Generalversammlung F\u00f6rderkreis H\u00fcvener M\u00fchle e.V. H\u00fcven &#8211; Auf seiner j\u00fcngsten Generalversammlung hielt der F\u00f6rderverein R\u00fcckblick auf die vergangene Saison. Rund 2.500 G\u00e4ste konnten in 2017 im Besucherzentrum der H\u00fcvener M\u00fchle begr\u00fc\u00dft werden. In 24 gebuchten F\u00fchrungen wurde den G\u00e4sten die Funktion und die Entstehung der H\u00fcvener M\u00fchle erkl\u00e4rt. Sogar f\u00fcnf Paare haben ihre standesamtliche Trauung [&hellip;]\n","protected":false},"author":2,"featured_media":0,"comment_status":"closed","ping_status":"closed","sticky":false,"template":"","format":"standard","meta":{"ngg_post_thumbnail":0,"footnotes":""},"categories":[5],"tags":[],"class_list":["post-23711","post","type-post","status-publish","format-standard","hentry","category-was-machen-die-vereine"],"_links":{"self":[{"href":"https:\/\/www.forum-soegel.de\/information\/wp-json\/wp\/v2\/posts\/23711","targetHints":{"allow":["GET"]}}],"collection":[{"href":"https:\/\/www.forum-soegel.de\/information\/wp-json\/wp\/v2\/posts"}],"about":[{"href":"https:\/\/www.forum-soegel.de\/information\/wp-json\/wp\/v2\/types\/post"}],"author":[{"embeddable":true,"href":"https:\/\/www.forum-soegel.de\/information\/wp-json\/wp\/v2\/users\/2"}],"replies":[{"embeddable":true,"href":"https:\/\/www.forum-soegel.de\/information\/wp-json\/wp\/v2\/comments?post=23711"}],"version-history":[{"count":3,"href":"https:\/\/www.forum-soegel.de\/information\/wp-json\/wp\/v2\/posts\/23711\/revisions"}],"predecessor-version":[{"id":23832,"href":"https:\/\/www.forum-soegel.de\/information\/wp-json\/wp\/v2\/posts\/23711\/revisions\/23832"}],"wp:attachment":[{"href":"https:\/\/www.forum-soegel.de\/information\/wp-json\/wp\/v2\/media?parent=23711"}],"wp:term":[{"taxonomy":"category","embeddable":true,"href":"https:\/\/www.forum-soegel.de\/information\/wp-json\/wp\/v2\/categories?post=23711"},{"taxonomy":"post_tag","embeddable":true,"href":"https:\/\/www.forum-soegel.de\/information\/wp-json\/wp\/v2\/tags?post=23711"}],"curies":[{"name":"wp","href":"https:\/\/api.w.org\/{rel}","templated":true}]}}