{"id":23707,"date":"2018-04-01T00:34:24","date_gmt":"2018-03-31T22:34:24","guid":{"rendered":"https:\/\/www.forum-soegel.de\/information\/?p=23707"},"modified":"2018-03-30T18:37:16","modified_gmt":"2018-03-30T16:37:16","slug":"heimatverein-soegel-hat-eine-neue-vorsitzende","status":"publish","type":"post","link":"https:\/\/www.forum-soegel.de\/information\/2018\/04\/heimatverein-soegel-hat-eine-neue-vorsitzende\/","title":{"rendered":"Heimatverein S\u00f6gel hat eine neue Vorsitzende"},"content":{"rendered":"<p>S\u00f6gel &#8211; Auf der diesj\u00e4hrigen Generalversammlung des Heimatvereins S\u00f6gel e.V. w\u00e4hlten die Mitglieder einstimmig Brigitte Weers zur neuen Vorsitzenden, nachdem der ehemalige Vorsitzende Wilhelm Masbaum im vergangenen Herbst \u00fcberraschend sein Amt zur Verf\u00fcgung stellte.<br \/>\nDen damit frei gewordenen Posten der stellvertretenden Vorsitzenden \u00fcbernimmt k\u00fcnftig Christa Nethe, f\u00fcr die ebenfalls einstimmig abgestimmt wurde.<br \/>\nIm R\u00fcckblick auf das Jahr 2017 erw\u00e4hnte Weers zun\u00e4chst den pl\u00f6tzlichen R\u00fccktritt Masbaums als Vorsitzender des Vereins.<\/p>\n<p>Dieser nannte als Grund sein fortgeschrittenes Alter und die damit verbundene \u00dcberforderung. Er betonte jedoch in seinem R\u00fccktrittsschreiben, sich nur aus der Vorstandsarbeit zur\u00fcckzuziehen. Masbaum versicherte, dem Heimatverein erhalten zu bleiben. \u201eIch werde weiterhin die Leitung des Arbeitskreises Wahn \u00fcbernehmen sowie die Betreuung und den Aufbau des Weihnachtsmarktes\u201c, versprach Masbaum.<br \/>\nAuch die B\u00fcrgermeisterin Irmgard Welling dankte Masbaum f\u00fcr seine langj\u00e4hrige T\u00e4tigkeit als Vorsitzender. \u201eWilhelm Masbaum hat den Heimatverein hervorragend geleitet\u201c, lobte Welling. Ebenso sprach sie einen Dank an die Arbeitskreise des Vereins aus. \u201eHeimatverein bedeutet auch, anderen Menschen Heimat zu geben und genau das setzt ihr erfolgreich um\u201c, w\u00fcrdigte Welling.<br \/>\nIn der weiteren Jahresr\u00fcckschau erinnerte Weers an viele Aktionen, die der Heimatverein unternahm. Dazu z\u00e4hlten unter anderem ein Treffen mit der S\u00f6geler Partnergemeinde Norg, ein Busausflug nach Bramsche und eine Fahrradtour nach Auen. Zu den Highlights geh\u00f6rten im vergangenen Jahr der laut Weers \u201esehr gut besuchte\u201c Weihnachtsmarkt auf dem Heimathof sowie die \u201eH\u00fcmmling-Olympiade\u201c, die von zahlreichen und verschiedenen Altersgruppen wahrgenommen wurde.<br \/>\nWeiterhin berichteten die verschiedenen Arbeitskreise von ihren T\u00e4tigkeiten in 2017. Die Tanzgruppe habe laut Klaus Kulkmann zahlreiche Auftritte insbesondere im Haus Simeon, auf dem Fest der Kulturen und dem Weihnachtsmarkt gehabt. F\u00fcr das Jahr 2018 stehe der Tanzgruppe beim Nieders\u00e4chsischen Landestrachtenfest eine ganz besondere Auff\u00fchrung bevor.<br \/>\nSimone Kla\u00dfen vom Arbeitskreis \u201eNikolaus\u201c teilte mit, dass im vergangenen Jahr insgesamt 326 Kinder von 13 Nikol\u00e4usen besucht wurden. Sie appellierte, dass seit Jahren ein Nikolausmangel herrsche und unbedingt M\u00e4nner f\u00fcr dieses Ehrenamt mobilisiert werden sollten.<br \/>\nDie Trecksacksp\u00e4lers z\u00e4hlen laut Heinz Brunsen derzeit neun Mitglieder, welche 2017 insgesamt 33 Proben und 21 Auftritte absolvierten.<br \/>\nMusikalische Fortschritte machen auch die Musikfreunde S\u00f6gel, wie Theo Schmees bekannt gab. \u201eUnsere Gruppe funktioniert sehr gut und wir nehmen immer mehr Auftritte wahr.\u201c<br \/>\nDie Leitung der Plattdeutsch-Gruppe wird k\u00fcnftig Maria Benten \u00fcbernehmen, die den Mitgliedern mit einem Gedichtimpuls einen Vorgeschmack auf das einmal im Monat stattfindende Treffen dieses Arbeitskreises gab.<br \/>\nHolger Lemmermann, der den Arbeitskreis Ortsgeschichte leitet, sprach einige Buchempfehlungen aus, die k\u00fcnftig in der B\u00fccherei ausgestellt werden.<br \/>\nDer Arbeitskreis Alt-Wahn gewinne laut Masbaum immer mehr an \u00f6ffentlichem Interesse. So haben in 2017 viele Besuchergruppen die Gedenkst\u00e4tte besucht.<\/p>\n<p>\u201eIm vergangenen Jahr habe ich w\u00f6chentlich eine F\u00fchrung in Alt-Wahn gegeben, manchmal sogar mehr\u201c, erz\u00e4hlte Masbaum. Auch das Wahner Treffen sei mit 400 Personen gut besucht gewesen. F\u00fcr 2018 ist die Erneuerung von zehn Sitzb\u00e4nken geplant.<\/p>\n<p>Text\/Foto: Marina Heller<\/p>\n<div id=\"attachment_23708\" style=\"width: 310px\" class=\"wp-caption alignnone\"><a href=\"https:\/\/www.forum-soegel.de\/information\/wp-content\/uploads\/2018\/03\/Heimatverein-S\u00f6gel-hat-eine-neue-Vorsitzende-2.jpg\"><img loading=\"lazy\" decoding=\"async\" aria-describedby=\"caption-attachment-23708\" class=\"size-medium wp-image-23708\" src=\"https:\/\/www.forum-soegel.de\/information\/wp-content\/uploads\/2018\/03\/Heimatverein-S\u00f6gel-hat-eine-neue-Vorsitzende-2-300x200.jpg\" alt=\"\" width=\"300\" height=\"200\" srcset=\"https:\/\/www.forum-soegel.de\/information\/wp-content\/uploads\/2018\/03\/Heimatverein-S\u00f6gel-hat-eine-neue-Vorsitzende-2-300x200.jpg 300w, https:\/\/www.forum-soegel.de\/information\/wp-content\/uploads\/2018\/03\/Heimatverein-S\u00f6gel-hat-eine-neue-Vorsitzende-2-768x512.jpg 768w, https:\/\/www.forum-soegel.de\/information\/wp-content\/uploads\/2018\/03\/Heimatverein-S\u00f6gel-hat-eine-neue-Vorsitzende-2.jpg 1024w\" sizes=\"auto, (max-width: 300px) 100vw, 300px\" \/><\/a><p id=\"caption-attachment-23708\" class=\"wp-caption-text\">Die neue Vorsitzende des Heimatvereins Brigitte Weers (links) dankte dem ehemaligen Vorsitzenden Wilhelm Masbaum (rechts) f\u00fcr seine langj\u00e4hrige T\u00e4tigkeit als Vorsitzender des Vereins.<\/p><\/div>\n<div id=\"attachment_23709\" style=\"width: 310px\" class=\"wp-caption alignleft\"><a href=\"https:\/\/www.forum-soegel.de\/information\/wp-content\/uploads\/2018\/03\/Heimatverein-S\u00f6gel-hat-eine-neue-Vorsitzende-1.jpg\"><img loading=\"lazy\" decoding=\"async\" aria-describedby=\"caption-attachment-23709\" class=\"size-medium wp-image-23709\" src=\"https:\/\/www.forum-soegel.de\/information\/wp-content\/uploads\/2018\/03\/Heimatverein-S\u00f6gel-hat-eine-neue-Vorsitzende-1-300x200.jpg\" alt=\"\" width=\"300\" height=\"200\" srcset=\"https:\/\/www.forum-soegel.de\/information\/wp-content\/uploads\/2018\/03\/Heimatverein-S\u00f6gel-hat-eine-neue-Vorsitzende-1-300x200.jpg 300w, https:\/\/www.forum-soegel.de\/information\/wp-content\/uploads\/2018\/03\/Heimatverein-S\u00f6gel-hat-eine-neue-Vorsitzende-1-768x512.jpg 768w, https:\/\/www.forum-soegel.de\/information\/wp-content\/uploads\/2018\/03\/Heimatverein-S\u00f6gel-hat-eine-neue-Vorsitzende-1.jpg 1024w\" sizes=\"auto, (max-width: 300px) 100vw, 300px\" \/><\/a><p id=\"caption-attachment-23709\" class=\"wp-caption-text\">Der neue Vorstand des Heimatvereins S\u00f6gel: Georg Sewerin (v.l.), Walburga W\u00fcbben,<br \/>Hermann Tholen, Margret M\u00f6heken, die Stv. Vorsitzende Christa Nethe und die Vorsitzende Brigitte Weers. Es fehlt Heiner Meiners<\/p><\/div>\n","protected":false},"excerpt":{"rendered":"S\u00f6gel &#8211; Auf der diesj\u00e4hrigen Generalversammlung des Heimatvereins S\u00f6gel e.V. w\u00e4hlten die Mitglieder einstimmig Brigitte Weers zur neuen Vorsitzenden, nachdem der ehemalige Vorsitzende Wilhelm Masbaum im vergangenen Herbst \u00fcberraschend sein Amt zur Verf\u00fcgung stellte. Den damit frei gewordenen Posten der stellvertretenden Vorsitzenden \u00fcbernimmt k\u00fcnftig Christa Nethe, f\u00fcr die ebenfalls einstimmig abgestimmt wurde. Im R\u00fcckblick auf [&hellip;]\n","protected":false},"author":2,"featured_media":0,"comment_status":"closed","ping_status":"closed","sticky":false,"template":"","format":"standard","meta":{"ngg_post_thumbnail":0,"footnotes":""},"categories":[5],"tags":[],"class_list":["post-23707","post","type-post","status-publish","format-standard","hentry","category-was-machen-die-vereine"],"_links":{"self":[{"href":"https:\/\/www.forum-soegel.de\/information\/wp-json\/wp\/v2\/posts\/23707","targetHints":{"allow":["GET"]}}],"collection":[{"href":"https:\/\/www.forum-soegel.de\/information\/wp-json\/wp\/v2\/posts"}],"about":[{"href":"https:\/\/www.forum-soegel.de\/information\/wp-json\/wp\/v2\/types\/post"}],"author":[{"embeddable":true,"href":"https:\/\/www.forum-soegel.de\/information\/wp-json\/wp\/v2\/users\/2"}],"replies":[{"embeddable":true,"href":"https:\/\/www.forum-soegel.de\/information\/wp-json\/wp\/v2\/comments?post=23707"}],"version-history":[{"count":1,"href":"https:\/\/www.forum-soegel.de\/information\/wp-json\/wp\/v2\/posts\/23707\/revisions"}],"predecessor-version":[{"id":23710,"href":"https:\/\/www.forum-soegel.de\/information\/wp-json\/wp\/v2\/posts\/23707\/revisions\/23710"}],"wp:attachment":[{"href":"https:\/\/www.forum-soegel.de\/information\/wp-json\/wp\/v2\/media?parent=23707"}],"wp:term":[{"taxonomy":"category","embeddable":true,"href":"https:\/\/www.forum-soegel.de\/information\/wp-json\/wp\/v2\/categories?post=23707"},{"taxonomy":"post_tag","embeddable":true,"href":"https:\/\/www.forum-soegel.de\/information\/wp-json\/wp\/v2\/tags?post=23707"}],"curies":[{"name":"wp","href":"https:\/\/api.w.org\/{rel}","templated":true}]}}