{"id":23704,"date":"2018-04-01T00:32:14","date_gmt":"2018-03-31T22:32:14","guid":{"rendered":"https:\/\/www.forum-soegel.de\/information\/?p=23704"},"modified":"2018-03-30T18:34:19","modified_gmt":"2018-03-30T16:34:19","slug":"heimathaus-oeffnet-tueren-fuer-neue-angebote-und-begegnungsmoeglichkeiten","status":"publish","type":"post","link":"https:\/\/www.forum-soegel.de\/information\/2018\/04\/heimathaus-oeffnet-tueren-fuer-neue-angebote-und-begegnungsmoeglichkeiten\/","title":{"rendered":"Heimathaus \u00f6ffnet T\u00fcren f\u00fcr neue Angebote und Begegnungsm\u00f6glichkeiten"},"content":{"rendered":"<p><a href=\"https:\/\/www.forum-soegel.de\/information\/wp-content\/uploads\/2018\/03\/Heimathaus-\u00f6ffnet-T\u00fcren-f\u00fcr-neue-Angebote-und-Begegnungsm\u00f6glichkeiten.jpg\"><img loading=\"lazy\" decoding=\"async\" class=\"alignleft size-medium wp-image-23705\" src=\"https:\/\/www.forum-soegel.de\/information\/wp-content\/uploads\/2018\/03\/Heimathaus-\u00f6ffnet-T\u00fcren-f\u00fcr-neue-Angebote-und-Begegnungsm\u00f6glichkeiten-300x225.jpg\" alt=\"\" width=\"300\" height=\"225\" srcset=\"https:\/\/www.forum-soegel.de\/information\/wp-content\/uploads\/2018\/03\/Heimathaus-\u00f6ffnet-T\u00fcren-f\u00fcr-neue-Angebote-und-Begegnungsm\u00f6glichkeiten-300x225.jpg 300w, https:\/\/www.forum-soegel.de\/information\/wp-content\/uploads\/2018\/03\/Heimathaus-\u00f6ffnet-T\u00fcren-f\u00fcr-neue-Angebote-und-Begegnungsm\u00f6glichkeiten-768x576.jpg 768w, https:\/\/www.forum-soegel.de\/information\/wp-content\/uploads\/2018\/03\/Heimathaus-\u00f6ffnet-T\u00fcren-f\u00fcr-neue-Angebote-und-Begegnungsm\u00f6glichkeiten.jpg 1024w\" sizes=\"auto, (max-width: 300px) 100vw, 300px\" \/><\/a>S\u00f6gel &#8211; Im Rahmen des Seniorennetzwerkstreffs im Rathaus S\u00f6gel hat der Heimatverein S\u00f6gel darauf aufmerksam gemacht, dass die R\u00e4umlichkeiten f\u00fcr neue attraktive Angebote und Begegnungen offen steht.<\/p>\n<p>Ob Kartenclubs, Liebhaber des Schachspiels, Tanzcafe, Musikalische Gruppen oder andere Aktivit\u00e4ten. Alle sind herzlich willkommen.<\/p>\n<p>Die gem\u00fctlichen R\u00e4umlichkeiten des Heimathauses bieten jede Menge M\u00f6glichkeiten, wo B\u00fcrgerinnen und B\u00fcrger in Eigenverantwortung Begegnungen schaffen k\u00f6nnen. Melden Sie sich unverbindlich unter 05952\/2147.<\/p>\n<p>Eine ganze Reihe an Veranstaltungen im Heimathaus soll dazu dienen neue Kontakte zu kn\u00fcpfen.<\/p>\n<p>Ein Highlight soll wieder ein Seniorenkino im Heimathaus am 23. Mai 2018 um 15.00 Uhr sein. Der Termin wird noch bekannt gegeben.<\/p>\n<p>Am 21.03.2018 fand um 19 Uhr bereits ein Liederabend im Heimathaus statt.<\/p>\n<p>Als Auftakt zu der Aktion&#8220; Monat des Generationsdialogs&#8220;, wozu der Landkreises Emsland aufgerufen hat, soll ein Sonntagnachmittag am 10. Juni 2018 um 15 Uhr dienen unter dem Motto &#8222;Schach spielen Alt und Jung gemeinsam&#8220; . Hier melden sie sich bitte unter der Nummer 0172\/5864552 an. Alle Mitglieder des Seniorennetzwerkes unterst\u00fctzen diese Aktion, die die Chance auf ein Miteinander der Generationen f\u00f6rdert.<\/p>\n<p>Text: Irmgard Welling \/ Foto: Lina Breer<\/p>\n","protected":false},"excerpt":{"rendered":"S\u00f6gel &#8211; Im Rahmen des Seniorennetzwerkstreffs im Rathaus S\u00f6gel hat der Heimatverein S\u00f6gel darauf aufmerksam gemacht, dass die R\u00e4umlichkeiten f\u00fcr neue attraktive Angebote und Begegnungen offen steht. Ob Kartenclubs, Liebhaber des Schachspiels, Tanzcafe, Musikalische Gruppen oder andere Aktivit\u00e4ten. Alle sind herzlich willkommen. Die gem\u00fctlichen R\u00e4umlichkeiten des Heimathauses bieten jede Menge M\u00f6glichkeiten, wo B\u00fcrgerinnen und B\u00fcrger [&hellip;]\n","protected":false},"author":2,"featured_media":0,"comment_status":"closed","ping_status":"closed","sticky":false,"template":"","format":"standard","meta":{"ngg_post_thumbnail":0,"footnotes":""},"categories":[5],"tags":[],"class_list":["post-23704","post","type-post","status-publish","format-standard","hentry","category-was-machen-die-vereine"],"_links":{"self":[{"href":"https:\/\/www.forum-soegel.de\/information\/wp-json\/wp\/v2\/posts\/23704","targetHints":{"allow":["GET"]}}],"collection":[{"href":"https:\/\/www.forum-soegel.de\/information\/wp-json\/wp\/v2\/posts"}],"about":[{"href":"https:\/\/www.forum-soegel.de\/information\/wp-json\/wp\/v2\/types\/post"}],"author":[{"embeddable":true,"href":"https:\/\/www.forum-soegel.de\/information\/wp-json\/wp\/v2\/users\/2"}],"replies":[{"embeddable":true,"href":"https:\/\/www.forum-soegel.de\/information\/wp-json\/wp\/v2\/comments?post=23704"}],"version-history":[{"count":1,"href":"https:\/\/www.forum-soegel.de\/information\/wp-json\/wp\/v2\/posts\/23704\/revisions"}],"predecessor-version":[{"id":23706,"href":"https:\/\/www.forum-soegel.de\/information\/wp-json\/wp\/v2\/posts\/23704\/revisions\/23706"}],"wp:attachment":[{"href":"https:\/\/www.forum-soegel.de\/information\/wp-json\/wp\/v2\/media?parent=23704"}],"wp:term":[{"taxonomy":"category","embeddable":true,"href":"https:\/\/www.forum-soegel.de\/information\/wp-json\/wp\/v2\/categories?post=23704"},{"taxonomy":"post_tag","embeddable":true,"href":"https:\/\/www.forum-soegel.de\/information\/wp-json\/wp\/v2\/tags?post=23704"}],"curies":[{"name":"wp","href":"https:\/\/api.w.org\/{rel}","templated":true}]}}