{"id":23701,"date":"2018-04-01T00:30:16","date_gmt":"2018-03-31T22:30:16","guid":{"rendered":"https:\/\/www.forum-soegel.de\/information\/?p=23701"},"modified":"2018-03-30T18:31:53","modified_gmt":"2018-03-30T16:31:53","slug":"handballmannschaft-mit-neuen-trainingsanzuegen-ausgestattet","status":"publish","type":"post","link":"https:\/\/www.forum-soegel.de\/information\/2018\/04\/handballmannschaft-mit-neuen-trainingsanzuegen-ausgestattet\/","title":{"rendered":"Handballmannschaft mit neuen Trainingsanz\u00fcgen ausgestattet"},"content":{"rendered":"<div id=\"attachment_23702\" style=\"width: 460px\" class=\"wp-caption alignnone\"><a href=\"https:\/\/www.forum-soegel.de\/information\/wp-content\/uploads\/2018\/03\/Handballmannschaft-mit-neuen-Trainingsanz\u00fcgen-ausgestattet.jpg\"><img loading=\"lazy\" decoding=\"async\" aria-describedby=\"caption-attachment-23702\" class=\"wp-image-23702\" src=\"https:\/\/www.forum-soegel.de\/information\/wp-content\/uploads\/2018\/03\/Handballmannschaft-mit-neuen-Trainingsanz\u00fcgen-ausgestattet-300x200.jpg\" alt=\"\" width=\"450\" height=\"300\" srcset=\"https:\/\/www.forum-soegel.de\/information\/wp-content\/uploads\/2018\/03\/Handballmannschaft-mit-neuen-Trainingsanz\u00fcgen-ausgestattet-300x200.jpg 300w, https:\/\/www.forum-soegel.de\/information\/wp-content\/uploads\/2018\/03\/Handballmannschaft-mit-neuen-Trainingsanz\u00fcgen-ausgestattet-768x512.jpg 768w, https:\/\/www.forum-soegel.de\/information\/wp-content\/uploads\/2018\/03\/Handballmannschaft-mit-neuen-Trainingsanz\u00fcgen-ausgestattet.jpg 1024w\" sizes=\"auto, (max-width: 450px) 100vw, 450px\" \/><\/a><p id=\"caption-attachment-23702\" class=\"wp-caption-text\">S\u00f6gel &#8211; Die weibliche E-Jugend- Handballmannschaft des SV Sigiltra S\u00f6gel wurde von der Firma Hero Glas mit neuen Trainingsanz\u00fcgen ausgestattet.<br \/> Der Prokurist Manfred Borgmann (2.v.r.) von Hero Glas \u00fcberbrachte zur gro\u00dfen Freude der Handballerinnen die neuen Anz\u00fcge. Die Trainer Frank Tholen (1.v.l.) und Ralf Arents (1.v.r.) bedankten sich mit einem Pr\u00e4sent.<br \/> Text\/Foto: Marina Heller<\/p><\/div>\n","protected":false},"excerpt":{"rendered":"","protected":false},"author":2,"featured_media":0,"comment_status":"closed","ping_status":"closed","sticky":false,"template":"","format":"standard","meta":{"ngg_post_thumbnail":0,"footnotes":""},"categories":[5],"tags":[],"class_list":["post-23701","post","type-post","status-publish","format-standard","hentry","category-was-machen-die-vereine"],"_links":{"self":[{"href":"https:\/\/www.forum-soegel.de\/information\/wp-json\/wp\/v2\/posts\/23701","targetHints":{"allow":["GET"]}}],"collection":[{"href":"https:\/\/www.forum-soegel.de\/information\/wp-json\/wp\/v2\/posts"}],"about":[{"href":"https:\/\/www.forum-soegel.de\/information\/wp-json\/wp\/v2\/types\/post"}],"author":[{"embeddable":true,"href":"https:\/\/www.forum-soegel.de\/information\/wp-json\/wp\/v2\/users\/2"}],"replies":[{"embeddable":true,"href":"https:\/\/www.forum-soegel.de\/information\/wp-json\/wp\/v2\/comments?post=23701"}],"version-history":[{"count":1,"href":"https:\/\/www.forum-soegel.de\/information\/wp-json\/wp\/v2\/posts\/23701\/revisions"}],"predecessor-version":[{"id":23703,"href":"https:\/\/www.forum-soegel.de\/information\/wp-json\/wp\/v2\/posts\/23701\/revisions\/23703"}],"wp:attachment":[{"href":"https:\/\/www.forum-soegel.de\/information\/wp-json\/wp\/v2\/media?parent=23701"}],"wp:term":[{"taxonomy":"category","embeddable":true,"href":"https:\/\/www.forum-soegel.de\/information\/wp-json\/wp\/v2\/categories?post=23701"},{"taxonomy":"post_tag","embeddable":true,"href":"https:\/\/www.forum-soegel.de\/information\/wp-json\/wp\/v2\/tags?post=23701"}],"curies":[{"name":"wp","href":"https:\/\/api.w.org\/{rel}","templated":true}]}}