{"id":23695,"date":"2018-04-01T00:27:36","date_gmt":"2018-03-31T22:27:36","guid":{"rendered":"https:\/\/www.forum-soegel.de\/information\/?p=23695"},"modified":"2018-03-30T18:28:58","modified_gmt":"2018-03-30T16:28:58","slug":"der-shanty-chor-haseluenne-zu-gast-beim-heimatverein-berssen","status":"publish","type":"post","link":"https:\/\/www.forum-soegel.de\/information\/2018\/04\/der-shanty-chor-haseluenne-zu-gast-beim-heimatverein-berssen\/","title":{"rendered":"Der Shanty Chor Hasel\u00fcnne zu Gast beim Heimatverein Ber\u00dfen"},"content":{"rendered":"<p><a href=\"https:\/\/www.forum-soegel.de\/information\/wp-content\/uploads\/2018\/03\/Der-Shanty-Chor-Hasel\u00fcnne-zu-Gast-beim-Heimatverein-Ber\u00dfen.jpg\"><img loading=\"lazy\" decoding=\"async\" class=\"alignleft size-medium wp-image-23696\" src=\"https:\/\/www.forum-soegel.de\/information\/wp-content\/uploads\/2018\/03\/Der-Shanty-Chor-Hasel\u00fcnne-zu-Gast-beim-Heimatverein-Ber\u00dfen-300x142.jpg\" alt=\"\" width=\"300\" height=\"142\" srcset=\"https:\/\/www.forum-soegel.de\/information\/wp-content\/uploads\/2018\/03\/Der-Shanty-Chor-Hasel\u00fcnne-zu-Gast-beim-Heimatverein-Ber\u00dfen-300x142.jpg 300w, https:\/\/www.forum-soegel.de\/information\/wp-content\/uploads\/2018\/03\/Der-Shanty-Chor-Hasel\u00fcnne-zu-Gast-beim-Heimatverein-Ber\u00dfen-768x365.jpg 768w, https:\/\/www.forum-soegel.de\/information\/wp-content\/uploads\/2018\/03\/Der-Shanty-Chor-Hasel\u00fcnne-zu-Gast-beim-Heimatverein-Ber\u00dfen.jpg 1024w\" sizes=\"auto, (max-width: 300px) 100vw, 300px\" \/><\/a>Gro\u00df Ber\u00dfen &#8211; Zu einem gem\u00fctlichen Abend, gestaltet vom Shanty Chor Hasel\u00fcnne, hatte der Heimatverein Ber\u00dfen am 16.02.18 ins DGH Gro\u00df Ber\u00dfen eingeladen. An dem Abend, der p\u00fcnktlich um 19:00 Uhr begann, fanden sich viele Besucher im DGH Gro\u00df Ber\u00dfen ein. Bei bekannten und weniger bekannten Seemannsliedern wurde kr\u00e4ftig mitgesungen und geschunkelt.<\/p>\n<p>Die Zuschauer sangen fast so laut wie der Chor und die Stimmung war super, besonders beeindruckend waren die Solisten, allen voran unser \u201eBer\u00dfener Jung\u201c G\u00fcnther Perk.<\/p>\n<p>Es war ein kurzweiliger und gelungener Abend mit einigen Zugaben des Chores, der mit viel Applaus verabschiedet wurde.<\/p>\n<p>Nach dem Ende des Konzertes sa\u00dfen noch viele Besucher gem\u00fctlich zusammen und \u00e4u\u00dferten den Wunsch: \u201eD\u00e4t k\u00f6n i ruhig \u00f6fter mal moaken\u201c.<\/p>\n<p>Text\/Foto: Marion Gerdes<\/p>\n","protected":false},"excerpt":{"rendered":"Gro\u00df Ber\u00dfen &#8211; Zu einem gem\u00fctlichen Abend, gestaltet vom Shanty Chor Hasel\u00fcnne, hatte der Heimatverein Ber\u00dfen am 16.02.18 ins DGH Gro\u00df Ber\u00dfen eingeladen. An dem Abend, der p\u00fcnktlich um 19:00 Uhr begann, fanden sich viele Besucher im DGH Gro\u00df Ber\u00dfen ein. Bei bekannten und weniger bekannten Seemannsliedern wurde kr\u00e4ftig mitgesungen und geschunkelt. Die Zuschauer sangen [&hellip;]\n","protected":false},"author":2,"featured_media":0,"comment_status":"closed","ping_status":"closed","sticky":false,"template":"","format":"standard","meta":{"ngg_post_thumbnail":0,"footnotes":""},"categories":[5],"tags":[],"class_list":["post-23695","post","type-post","status-publish","format-standard","hentry","category-was-machen-die-vereine"],"_links":{"self":[{"href":"https:\/\/www.forum-soegel.de\/information\/wp-json\/wp\/v2\/posts\/23695","targetHints":{"allow":["GET"]}}],"collection":[{"href":"https:\/\/www.forum-soegel.de\/information\/wp-json\/wp\/v2\/posts"}],"about":[{"href":"https:\/\/www.forum-soegel.de\/information\/wp-json\/wp\/v2\/types\/post"}],"author":[{"embeddable":true,"href":"https:\/\/www.forum-soegel.de\/information\/wp-json\/wp\/v2\/users\/2"}],"replies":[{"embeddable":true,"href":"https:\/\/www.forum-soegel.de\/information\/wp-json\/wp\/v2\/comments?post=23695"}],"version-history":[{"count":1,"href":"https:\/\/www.forum-soegel.de\/information\/wp-json\/wp\/v2\/posts\/23695\/revisions"}],"predecessor-version":[{"id":23697,"href":"https:\/\/www.forum-soegel.de\/information\/wp-json\/wp\/v2\/posts\/23695\/revisions\/23697"}],"wp:attachment":[{"href":"https:\/\/www.forum-soegel.de\/information\/wp-json\/wp\/v2\/media?parent=23695"}],"wp:term":[{"taxonomy":"category","embeddable":true,"href":"https:\/\/www.forum-soegel.de\/information\/wp-json\/wp\/v2\/categories?post=23695"},{"taxonomy":"post_tag","embeddable":true,"href":"https:\/\/www.forum-soegel.de\/information\/wp-json\/wp\/v2\/tags?post=23695"}],"curies":[{"name":"wp","href":"https:\/\/api.w.org\/{rel}","templated":true}]}}