{"id":2342,"date":"2010-06-01T00:04:40","date_gmt":"2010-05-31T22:04:40","guid":{"rendered":"https:\/\/www.forum-soegel.de\/information\/?p=2342"},"modified":"2010-05-30T12:06:43","modified_gmt":"2010-05-30T10:06:43","slug":"kulturkreis-clemenswerth-startet-in-attraktivem-outfit-in-die-neue-saison","status":"publish","type":"post","link":"https:\/\/www.forum-soegel.de\/information\/2010\/06\/kulturkreis-clemenswerth-startet-in-attraktivem-outfit-in-die-neue-saison\/","title":{"rendered":"Kulturkreis Clemenswerth startet in attraktivem Outfit in die neue Saison"},"content":{"rendered":"<p>Gemeinsam mit seinem Stellvertreter Ralph Deitermann stellte der Vorsitzende des Kulturkreis Clemenswerth, Peter Wittekind am 05. Mai das neue Programm 2010\/2011 der Presse vor.<\/p>\n<p>Besonders ins Auge fiel dabei die Neugestaltung der Veranstaltungsbrosch\u00fcre, die, so Wittekind, auch einer \u201ej\u00fcngeren\u201c Generation \u201eLust auf Kultur\u201c machen soll.<\/p>\n<p>Auff\u00e4llig ist eine farblich Untergliederung der einzelnen Kulturangebote.<\/p>\n<p>Neu ist ein \u201eSchnupper-Abo\u201c, gedacht f\u00fcr Einsteiger, denen aber doch die ganze Veranstaltungsvielfalt zu einem spektakul\u00e4ren Sonderpreis geboten wird.<\/p>\n<p>Eine R\u00fcckschau auf die Saison 2009\/2010, die am 13. Juni mit dem Gloriettenkonzert endet, machte noch einmal deutlich mit welchem Engagement die ehrenamtlich t\u00e4tigen Veranstalter ein \u00fcberaus anspruchsvolles Programm auf die Beine gestellt haben.<\/p>\n<p>Auch das neue Programm wartet wieder mit besonderen H\u00f6hepunkten auf.<\/p>\n<p>Zu erw\u00e4hnen sind hier besonders aus dem Theater-Abo<\/p>\n<p>Schillers \u201eDie R\u00e4uber\u201c\u00a0 am 18. September 2010<\/p>\n<p>oder \u201eDie Schachnovelle von Stefan Zweig\u201c am 06. M\u00e4rz 2011<\/p>\n<p>Einen besonderen Leckerbissen bildet im Star-Abo sicher die Operette<\/p>\n<p>\u201eDie Fledermaus\u201c von Johann Strau\u00df mit dem Chor, Ballett und Orchester der Operettenb\u00fchne Wien am 11. Februar 2011<\/p>\n<p>Einzelheiten \u00fcber Kassenlage, \u00d6ffentlichkeitsarbeit und Abonnentenbetreuung erfuhren wir von B\u00e4rbel Kruth, Gisela Smolla und Brigitte Steinbild.<\/p>\n<p>Georg Schmidt, Gesch\u00e4ftsf\u00fchrer der Stiftung, bedauerte das begrenzte Interesse der Schulen und hob hier besonders auf das Sprechtheater als fundamentale Begleitung des Deutschunterrichts ab.<\/p>\n<p>Peter Wittekind betonte noch einmal die Bedeutung des Kulturkreis Clemenswerth f\u00fcr S\u00f6gel und die umliegende H\u00fcmmling-Region.<\/p>\n<p>Ein Vergleich mit gr\u00f6\u00dferen St\u00e4dten zeigt schnell, das angebotene Preis-Leistungs-Verh\u00e4ltnis stimmt.<\/p>\n<p>Text\/Foto: KS<\/p>\n<p><a href=\"https:\/\/www.forum-soegel.de\/information\/wp-content\/uploads\/2010\/05\/Pressekonferenz-Kulturkreis.jpg\"><img loading=\"lazy\" decoding=\"async\" class=\"alignnone size-medium wp-image-2343\" title=\"Pressekonferenz Kulturkreis\" src=\"https:\/\/www.forum-soegel.de\/information\/wp-content\/uploads\/2010\/05\/Pressekonferenz-Kulturkreis-300x225.jpg\" alt=\"\" width=\"300\" height=\"225\" srcset=\"https:\/\/www.forum-soegel.de\/information\/wp-content\/uploads\/2010\/05\/Pressekonferenz-Kulturkreis-300x225.jpg 300w, https:\/\/www.forum-soegel.de\/information\/wp-content\/uploads\/2010\/05\/Pressekonferenz-Kulturkreis.jpg 1024w\" sizes=\"auto, (max-width: 300px) 100vw, 300px\" \/><\/a><\/p>\n","protected":false},"excerpt":{"rendered":"Gemeinsam mit seinem Stellvertreter Ralph Deitermann stellte der Vorsitzende des Kulturkreis Clemenswerth, Peter Wittekind am 05. Mai das neue Programm 2010\/2011 der Presse vor. Besonders ins Auge fiel dabei die Neugestaltung der Veranstaltungsbrosch\u00fcre, die, so Wittekind, auch einer \u201ej\u00fcngeren\u201c Generation \u201eLust auf Kultur\u201c machen soll. Auff\u00e4llig ist eine farblich Untergliederung der einzelnen Kulturangebote. Neu ist [&hellip;]\n","protected":false},"author":2,"featured_media":0,"comment_status":"closed","ping_status":"closed","sticky":false,"template":"","format":"standard","meta":{"ngg_post_thumbnail":0,"footnotes":""},"categories":[5],"tags":[280,354],"class_list":["post-2342","post","type-post","status-publish","format-standard","hentry","category-was-machen-die-vereine","tag-kulturkreis-clemenswerth","tag-outfit"],"_links":{"self":[{"href":"https:\/\/www.forum-soegel.de\/information\/wp-json\/wp\/v2\/posts\/2342","targetHints":{"allow":["GET"]}}],"collection":[{"href":"https:\/\/www.forum-soegel.de\/information\/wp-json\/wp\/v2\/posts"}],"about":[{"href":"https:\/\/www.forum-soegel.de\/information\/wp-json\/wp\/v2\/types\/post"}],"author":[{"embeddable":true,"href":"https:\/\/www.forum-soegel.de\/information\/wp-json\/wp\/v2\/users\/2"}],"replies":[{"embeddable":true,"href":"https:\/\/www.forum-soegel.de\/information\/wp-json\/wp\/v2\/comments?post=2342"}],"version-history":[{"count":2,"href":"https:\/\/www.forum-soegel.de\/information\/wp-json\/wp\/v2\/posts\/2342\/revisions"}],"predecessor-version":[{"id":2345,"href":"https:\/\/www.forum-soegel.de\/information\/wp-json\/wp\/v2\/posts\/2342\/revisions\/2345"}],"wp:attachment":[{"href":"https:\/\/www.forum-soegel.de\/information\/wp-json\/wp\/v2\/media?parent=2342"}],"wp:term":[{"taxonomy":"category","embeddable":true,"href":"https:\/\/www.forum-soegel.de\/information\/wp-json\/wp\/v2\/categories?post=2342"},{"taxonomy":"post_tag","embeddable":true,"href":"https:\/\/www.forum-soegel.de\/information\/wp-json\/wp\/v2\/tags?post=2342"}],"curies":[{"name":"wp","href":"https:\/\/api.w.org\/{rel}","templated":true}]}}