{"id":2338,"date":"2010-06-01T00:01:32","date_gmt":"2010-05-31T22:01:32","guid":{"rendered":"https:\/\/www.forum-soegel.de\/information\/?p=2338"},"modified":"2010-05-30T12:04:18","modified_gmt":"2010-05-30T10:04:18","slug":"doppelkopfabend-der-kolpingsfamilie-sogel-stavern","status":"publish","type":"post","link":"https:\/\/www.forum-soegel.de\/information\/2010\/06\/doppelkopfabend-der-kolpingsfamilie-sogel-stavern\/","title":{"rendered":"Doppelkopfabend der Kolpingsfamilie S\u00f6gel-Stavern"},"content":{"rendered":"<p>24 Kartenspieler aus S\u00f6gel, Stavern, Werpeloh, Ber\u00dfen und Apeldorn haben sich am 24. April\u00a0 im Jugendheim St. Michael in Stavern im Doppelkopfspiel gemessen. Nach vier hart umk\u00e4mpften Runden wurden die Sieger gek\u00fcrt: Der erste Preis ging an Bernhard G\u00f6ken, Platz 2 belegte Katharina Vogel und Platz 3 Josef Pranger. Der 1. Vorsitzende der Kolpingsfamilie, Karl-Heinz Kenning, gratulierte den Siegern und \u00fcberreichte jedem einen Pr\u00e4sentkorb.<\/p>\n<p>Am Ende der gelungenen Veranstaltung verabredete man sich bereits zum n\u00e4chsten Doppelkopfabend der Kolpingsfamilie im Herbst 2010 in S\u00f6gel.<\/p>\n<p>Text\/Foto: Martin M\u00f6dden, Stavern<\/p>\n<div id=\"attachment_2339\" style=\"width: 310px\" class=\"wp-caption alignnone\"><a href=\"https:\/\/www.forum-soegel.de\/information\/wp-content\/uploads\/2010\/05\/Doppelkopfabend.jpg\"><img loading=\"lazy\" decoding=\"async\" aria-describedby=\"caption-attachment-2339\" class=\"size-medium wp-image-2339\" title=\"Doppelkopfabend\" src=\"https:\/\/www.forum-soegel.de\/information\/wp-content\/uploads\/2010\/05\/Doppelkopfabend-300x225.jpg\" alt=\"\" width=\"300\" height=\"225\" srcset=\"https:\/\/www.forum-soegel.de\/information\/wp-content\/uploads\/2010\/05\/Doppelkopfabend-300x225.jpg 300w, https:\/\/www.forum-soegel.de\/information\/wp-content\/uploads\/2010\/05\/Doppelkopfabend.jpg 480w\" sizes=\"auto, (max-width: 300px) 100vw, 300px\" \/><\/a><p id=\"caption-attachment-2339\" class=\"wp-caption-text\">v.l.: Karl-Heinz Kenning, Josef Pranger, Bernhard G\u00f6ken, Katharina Vogel<\/p><\/div>\n","protected":false},"excerpt":{"rendered":"24 Kartenspieler aus S\u00f6gel, Stavern, Werpeloh, Ber\u00dfen und Apeldorn haben sich am 24. April\u00a0 im Jugendheim St. Michael in Stavern im Doppelkopfspiel gemessen. Nach vier hart umk\u00e4mpften Runden wurden die Sieger gek\u00fcrt: Der erste Preis ging an Bernhard G\u00f6ken, Platz 2 belegte Katharina Vogel und Platz 3 Josef Pranger. Der 1. Vorsitzende der Kolpingsfamilie, Karl-Heinz [&hellip;]\n","protected":false},"author":2,"featured_media":0,"comment_status":"closed","ping_status":"closed","sticky":false,"template":"","format":"standard","meta":{"ngg_post_thumbnail":0,"footnotes":""},"categories":[5],"tags":[353,58],"class_list":["post-2338","post","type-post","status-publish","format-standard","hentry","category-was-machen-die-vereine","tag-doppelkopfabend","tag-kolpingfamilie"],"_links":{"self":[{"href":"https:\/\/www.forum-soegel.de\/information\/wp-json\/wp\/v2\/posts\/2338","targetHints":{"allow":["GET"]}}],"collection":[{"href":"https:\/\/www.forum-soegel.de\/information\/wp-json\/wp\/v2\/posts"}],"about":[{"href":"https:\/\/www.forum-soegel.de\/information\/wp-json\/wp\/v2\/types\/post"}],"author":[{"embeddable":true,"href":"https:\/\/www.forum-soegel.de\/information\/wp-json\/wp\/v2\/users\/2"}],"replies":[{"embeddable":true,"href":"https:\/\/www.forum-soegel.de\/information\/wp-json\/wp\/v2\/comments?post=2338"}],"version-history":[{"count":2,"href":"https:\/\/www.forum-soegel.de\/information\/wp-json\/wp\/v2\/posts\/2338\/revisions"}],"predecessor-version":[{"id":2341,"href":"https:\/\/www.forum-soegel.de\/information\/wp-json\/wp\/v2\/posts\/2338\/revisions\/2341"}],"wp:attachment":[{"href":"https:\/\/www.forum-soegel.de\/information\/wp-json\/wp\/v2\/media?parent=2338"}],"wp:term":[{"taxonomy":"category","embeddable":true,"href":"https:\/\/www.forum-soegel.de\/information\/wp-json\/wp\/v2\/categories?post=2338"},{"taxonomy":"post_tag","embeddable":true,"href":"https:\/\/www.forum-soegel.de\/information\/wp-json\/wp\/v2\/tags?post=2338"}],"curies":[{"name":"wp","href":"https:\/\/api.w.org\/{rel}","templated":true}]}}