{"id":2335,"date":"2010-06-01T00:03:22","date_gmt":"2010-05-31T22:03:22","guid":{"rendered":"https:\/\/www.forum-soegel.de\/information\/?p=2335"},"modified":"2010-05-30T11:59:03","modified_gmt":"2010-05-30T09:59:03","slug":"der-verein-kinder-und-jugendhilfe-fur-europa-e-v-besteht-seit-20-jahren","status":"publish","type":"post","link":"https:\/\/www.forum-soegel.de\/information\/2010\/06\/der-verein-kinder-und-jugendhilfe-fur-europa-e-v-besteht-seit-20-jahren\/","title":{"rendered":"Der Verein Kinder- und Jugendhilfe f\u00fcr Europa e. V. besteht seit 20 Jahren"},"content":{"rendered":"<p>Der \u00f6rtliche Verein f\u00f6rdert Kinder, Jugendliche und junge Erwachsene, insbesondere soziale Randgruppen innerhalb Europas.<\/p>\n<p>Ziel des Vereins ist es, eine Angleichung der genannten Gruppen im Rahmen der sozialen Anpassung zu f\u00f6rdern und dabei den Gedanken eines solidarischen Europas in gegenseitiger Verantwortung und gegenseitigem Verst\u00e4ndnis f\u00fcreinander zu forcieren unter der Voraussetzung des Respektierens und Tolerierens kultureller Unterschiede und gesellschaftlicher Entwicklungen. Der Verein schafft Voraussetzungen zur Reintegrierung der genannten Zielgruppen, damit sie ein Leben in sozialer Verantwortung f\u00fchren k\u00f6nnen.<br \/>\nWie auch in diesem Jahr wurden, j\u00e4hrlich erlebnisp\u00e4dagogisch orientierte Freizeitma\u00dfnahmen in Finnland, Griechenland, Deutschland und Portugal durchgef\u00fchrt. In der Regel werden gemeinsame Aktionen mit Kindern und Jugendlichen \u00e4hnlicher Gruppen in den Gastl\u00e4ndern unternommen.<br \/>\nWeitere Aufgaben werden Wahrgenommen:<br \/>\nF\u00f6rderung des Fachaustausches innerhalb der Europ\u00e4ischen Gemeinschaft und des Parit\u00e4tischen Jugendwerkes Niedersachsen, sowie in Gespr\u00e4chen mit Mitarbeitern der entsprechenden Jugendbeh\u00f6rden der &#8222;bereisten&#8220; L\u00e4nder.<br \/>\nKinder- und Jugendliche erfahren ideelle und finanzielle F\u00f6rderungen vor Ort:<br \/>\nin der der Durchf\u00fchrung von Paddeltouren; in der Juleica-Ausbildung und Bildungsma\u00dfnahmen in der Jugendarbeit.<\/p>\n<p>(\u00dcbrigens, es sind noch Pl\u00e4tze frei f\u00fcr die Freizeitma\u00dfnahme vom 25.06. &#8211; 17.07.2010)<\/p>\n<p>weitere Infos:<br \/>\nKinder- und Jugendhilfe<br \/>\nf\u00fcr Europa e. V.<br \/>\nPoskeberg 2<br \/>\n49751 S\u00f6gel<\/p>\n<p>Tel. 05952\/2328 Fax. 05952\/2803<\/p>\n","protected":false},"excerpt":{"rendered":"Der \u00f6rtliche Verein f\u00f6rdert Kinder, Jugendliche und junge Erwachsene, insbesondere soziale Randgruppen innerhalb Europas. Ziel des Vereins ist es, eine Angleichung der genannten Gruppen im Rahmen der sozialen Anpassung zu f\u00f6rdern und dabei den Gedanken eines solidarischen Europas in gegenseitiger Verantwortung und gegenseitigem Verst\u00e4ndnis f\u00fcreinander zu forcieren unter der Voraussetzung des Respektierens und Tolerierens kultureller [&hellip;]\n","protected":false},"author":2,"featured_media":0,"comment_status":"closed","ping_status":"closed","sticky":false,"template":"","format":"standard","meta":{"ngg_post_thumbnail":0,"footnotes":""},"categories":[5],"tags":[352],"class_list":["post-2335","post","type-post","status-publish","format-standard","hentry","category-was-machen-die-vereine","tag-kinder-und-jugendhilfe"],"_links":{"self":[{"href":"https:\/\/www.forum-soegel.de\/information\/wp-json\/wp\/v2\/posts\/2335","targetHints":{"allow":["GET"]}}],"collection":[{"href":"https:\/\/www.forum-soegel.de\/information\/wp-json\/wp\/v2\/posts"}],"about":[{"href":"https:\/\/www.forum-soegel.de\/information\/wp-json\/wp\/v2\/types\/post"}],"author":[{"embeddable":true,"href":"https:\/\/www.forum-soegel.de\/information\/wp-json\/wp\/v2\/users\/2"}],"replies":[{"embeddable":true,"href":"https:\/\/www.forum-soegel.de\/information\/wp-json\/wp\/v2\/comments?post=2335"}],"version-history":[{"count":2,"href":"https:\/\/www.forum-soegel.de\/information\/wp-json\/wp\/v2\/posts\/2335\/revisions"}],"predecessor-version":[{"id":2337,"href":"https:\/\/www.forum-soegel.de\/information\/wp-json\/wp\/v2\/posts\/2335\/revisions\/2337"}],"wp:attachment":[{"href":"https:\/\/www.forum-soegel.de\/information\/wp-json\/wp\/v2\/media?parent=2335"}],"wp:term":[{"taxonomy":"category","embeddable":true,"href":"https:\/\/www.forum-soegel.de\/information\/wp-json\/wp\/v2\/categories?post=2335"},{"taxonomy":"post_tag","embeddable":true,"href":"https:\/\/www.forum-soegel.de\/information\/wp-json\/wp\/v2\/tags?post=2335"}],"curies":[{"name":"wp","href":"https:\/\/api.w.org\/{rel}","templated":true}]}}