{"id":23322,"date":"2018-02-04T11:34:01","date_gmt":"2018-02-04T10:34:01","guid":{"rendered":"https:\/\/www.forum-soegel.de\/information\/?p=23322"},"modified":"2018-02-04T11:34:01","modified_gmt":"2018-02-04T10:34:01","slug":"tunscheere-fuer-bernd-schmitz","status":"publish","type":"post","link":"https:\/\/www.forum-soegel.de\/information\/2018\/02\/tunscheere-fuer-bernd-schmitz\/","title":{"rendered":"Tunscheere f\u00fcr Bernd Schmitz"},"content":{"rendered":"<p><a href=\"https:\/\/www.forum-soegel.de\/information\/wp-content\/uploads\/2018\/02\/Tunscheere-f\u00fcr-Bernd-Schmitz.jpg\"><img loading=\"lazy\" decoding=\"async\" class=\"alignnone wp-image-23323\" src=\"https:\/\/www.forum-soegel.de\/information\/wp-content\/uploads\/2018\/02\/Tunscheere-f\u00fcr-Bernd-Schmitz-300x200.jpg\" alt=\"\" width=\"450\" height=\"300\" srcset=\"https:\/\/www.forum-soegel.de\/information\/wp-content\/uploads\/2018\/02\/Tunscheere-f\u00fcr-Bernd-Schmitz-300x200.jpg 300w, https:\/\/www.forum-soegel.de\/information\/wp-content\/uploads\/2018\/02\/Tunscheere-f\u00fcr-Bernd-Schmitz-768x512.jpg 768w, https:\/\/www.forum-soegel.de\/information\/wp-content\/uploads\/2018\/02\/Tunscheere-f\u00fcr-Bernd-Schmitz.jpg 1024w\" sizes=\"auto, (max-width: 450px) 100vw, 450px\" \/><\/a><\/p>\n<p>Werpeloh &#8211; Im Neuen Jahr \u00fcberraschte der Vorstand des Heimatvereins Werpeloh sein Mitglied Bernd Schmitz und \u00fcberbrachte ihm eine kunstvoll geschm\u00fcckte Tunscheere.<\/p>\n<p>Wie der 1. Vorsitzende des Heimatvereins, Wilhelm Wigbers, bei der \u00dcbergabe erl\u00e4uterte, wird mit dieser Tunscheere in jedem Jahr eine Pers\u00f6nlichkeit geehrt, die sich in vorbildlicher Weise ehrenamtlich in und f\u00fcr die Gemeinde Werpeloh eingesetzt hat, was ganz besonders auf Bernd Schmitz zutrifft.<\/p>\n<p>Text: Waltraud Grotjohann \/ Foto: Bernd Masbaum<\/p>\n","protected":false},"excerpt":{"rendered":"Werpeloh &#8211; Im Neuen Jahr \u00fcberraschte der Vorstand des Heimatvereins Werpeloh sein Mitglied Bernd Schmitz und \u00fcberbrachte ihm eine kunstvoll geschm\u00fcckte Tunscheere. Wie der 1. Vorsitzende des Heimatvereins, Wilhelm Wigbers, bei der \u00dcbergabe erl\u00e4uterte, wird mit dieser Tunscheere in jedem Jahr eine Pers\u00f6nlichkeit geehrt, die sich in vorbildlicher Weise ehrenamtlich in und f\u00fcr die Gemeinde [&hellip;]\n","protected":false},"author":2,"featured_media":0,"comment_status":"closed","ping_status":"closed","sticky":false,"template":"","format":"standard","meta":{"ngg_post_thumbnail":0,"footnotes":""},"categories":[5],"tags":[],"class_list":["post-23322","post","type-post","status-publish","format-standard","hentry","category-was-machen-die-vereine"],"_links":{"self":[{"href":"https:\/\/www.forum-soegel.de\/information\/wp-json\/wp\/v2\/posts\/23322","targetHints":{"allow":["GET"]}}],"collection":[{"href":"https:\/\/www.forum-soegel.de\/information\/wp-json\/wp\/v2\/posts"}],"about":[{"href":"https:\/\/www.forum-soegel.de\/information\/wp-json\/wp\/v2\/types\/post"}],"author":[{"embeddable":true,"href":"https:\/\/www.forum-soegel.de\/information\/wp-json\/wp\/v2\/users\/2"}],"replies":[{"embeddable":true,"href":"https:\/\/www.forum-soegel.de\/information\/wp-json\/wp\/v2\/comments?post=23322"}],"version-history":[{"count":1,"href":"https:\/\/www.forum-soegel.de\/information\/wp-json\/wp\/v2\/posts\/23322\/revisions"}],"predecessor-version":[{"id":23324,"href":"https:\/\/www.forum-soegel.de\/information\/wp-json\/wp\/v2\/posts\/23322\/revisions\/23324"}],"wp:attachment":[{"href":"https:\/\/www.forum-soegel.de\/information\/wp-json\/wp\/v2\/media?parent=23322"}],"wp:term":[{"taxonomy":"category","embeddable":true,"href":"https:\/\/www.forum-soegel.de\/information\/wp-json\/wp\/v2\/categories?post=23322"},{"taxonomy":"post_tag","embeddable":true,"href":"https:\/\/www.forum-soegel.de\/information\/wp-json\/wp\/v2\/tags?post=23322"}],"curies":[{"name":"wp","href":"https:\/\/api.w.org\/{rel}","templated":true}]}}