{"id":2325,"date":"2010-06-01T00:02:44","date_gmt":"2010-05-31T22:02:44","guid":{"rendered":"https:\/\/www.forum-soegel.de\/information\/?p=2325"},"modified":"2010-05-30T11:54:29","modified_gmt":"2010-05-30T09:54:29","slug":"familiennachmittag-%e2%80%9ekinder-stark-machen-durch-sport%e2%80%9c","status":"publish","type":"post","link":"https:\/\/www.forum-soegel.de\/information\/2010\/06\/familiennachmittag-%e2%80%9ekinder-stark-machen-durch-sport%e2%80%9c\/","title":{"rendered":"Familiennachmittag:  \u201eKinder stark machen durch Sport\u201c"},"content":{"rendered":"<p>Innerhalb der \u00a0120 st\u00fcndigen \u00dcbungsleiter-C Ausbildung des Landessportbundes Nds. an der Sportschule Emsland hatten die angehenden \u00dcbungsleiter zu einem Familiennachmittag in die Erich \u2013 K\u00e4stner Sporthalle in S\u00f6gel eingeladen.<\/p>\n<p>Zur Freude der Veranstalter hatte sich eine gro\u00dfe Anzahl Besucher eingefunden.<\/p>\n<p>Als besondere G\u00e4ste wurden weiterhin herzlich Empfangen und begr\u00fc\u00dft: die Lehrgangsleitung \u00a0Regine Brettschneider und Willi Fenslage, weiterhin als Referentinnen Kerstin Klus und Silvia Merting sowie von der Sportschule Emsland Dipl. Sportlehrerin Christiane Bohlen.<\/p>\n<p>Humorvoll und souver\u00e4n f\u00fchrte der angehende \u00dcbungsleiter \u201eDidi\u201c durch die Veranstaltung.<\/p>\n<p>Die Planung einer Veranstaltung stand zum Abschlusstest der Ausbildung auf dem Programm und so wurde gemeinsam ein 5 Kontinenten- Parcours aufgebaut und alle G\u00e4ste (Kinder und Erwachsene), konnten sich darin in Fitness und Geschicklichkeit \u00fcben. Zur Freude der Ausrichter wurde der Parcours gut angenommen und\u00a0 mit gro\u00dfen Engagement und Spa\u00df war man bei der \u00a0Sache.<\/p>\n<p>Zum Abschluss bot u.a. die Tanzgruppe\u00a0 NO-NAME\u00a0 besondere\u00a0 Unterhaltung. F\u00fcr das leibliche Wohl sorgten die angehenden \u00dcbungsleiter\/innen aus Nordhorn. Der beim Verkauf erzielte Erl\u00f6s wird dem Kinderhospiz in Meppen gespendet.<\/p>\n<p>Mit gro\u00dfer Zufriedenheit wurden am Abend die Besucher verabschiedet und mit einem geselligen Beisammensein lie\u00df man den erlebnisvollen Tag ausklingen.<\/p>\n<p>Mit Begeisterung wollen sich Adelheid Schmidt und Antje Lengnick bei ihren Mitstreiter\/innen f\u00fcr gute Zusammenarbeit im Lehrgang bedanken.<\/p>\n<p>Text\/Foto: Gisela Bohlen<\/p>\n<p><a href=\"https:\/\/www.forum-soegel.de\/information\/wp-content\/uploads\/2010\/05\/Familiennachmittag.jpg\"><img loading=\"lazy\" decoding=\"async\" class=\"alignnone size-medium wp-image-2326\" title=\"Familiennachmittag\" src=\"https:\/\/www.forum-soegel.de\/information\/wp-content\/uploads\/2010\/05\/Familiennachmittag-300x225.jpg\" alt=\"\" width=\"300\" height=\"225\" srcset=\"https:\/\/www.forum-soegel.de\/information\/wp-content\/uploads\/2010\/05\/Familiennachmittag-300x225.jpg 300w, https:\/\/www.forum-soegel.de\/information\/wp-content\/uploads\/2010\/05\/Familiennachmittag.jpg 588w\" sizes=\"auto, (max-width: 300px) 100vw, 300px\" \/><\/a><\/p>\n","protected":false},"excerpt":{"rendered":"Innerhalb der \u00a0120 st\u00fcndigen \u00dcbungsleiter-C Ausbildung des Landessportbundes Nds. an der Sportschule Emsland hatten die angehenden \u00dcbungsleiter zu einem Familiennachmittag in die Erich \u2013 K\u00e4stner Sporthalle in S\u00f6gel eingeladen. Zur Freude der Veranstalter hatte sich eine gro\u00dfe Anzahl Besucher eingefunden. Als besondere G\u00e4ste wurden weiterhin herzlich Empfangen und begr\u00fc\u00dft: die Lehrgangsleitung \u00a0Regine Brettschneider und Willi [&hellip;]\n","protected":false},"author":2,"featured_media":0,"comment_status":"closed","ping_status":"closed","sticky":false,"template":"","format":"standard","meta":{"ngg_post_thumbnail":0,"footnotes":""},"categories":[5],"tags":[349,350],"class_list":["post-2325","post","type-post","status-publish","format-standard","hentry","category-was-machen-die-vereine","tag-familiennachmittag","tag-sportschule-emsland"],"_links":{"self":[{"href":"https:\/\/www.forum-soegel.de\/information\/wp-json\/wp\/v2\/posts\/2325","targetHints":{"allow":["GET"]}}],"collection":[{"href":"https:\/\/www.forum-soegel.de\/information\/wp-json\/wp\/v2\/posts"}],"about":[{"href":"https:\/\/www.forum-soegel.de\/information\/wp-json\/wp\/v2\/types\/post"}],"author":[{"embeddable":true,"href":"https:\/\/www.forum-soegel.de\/information\/wp-json\/wp\/v2\/users\/2"}],"replies":[{"embeddable":true,"href":"https:\/\/www.forum-soegel.de\/information\/wp-json\/wp\/v2\/comments?post=2325"}],"version-history":[{"count":2,"href":"https:\/\/www.forum-soegel.de\/information\/wp-json\/wp\/v2\/posts\/2325\/revisions"}],"predecessor-version":[{"id":2328,"href":"https:\/\/www.forum-soegel.de\/information\/wp-json\/wp\/v2\/posts\/2325\/revisions\/2328"}],"wp:attachment":[{"href":"https:\/\/www.forum-soegel.de\/information\/wp-json\/wp\/v2\/media?parent=2325"}],"wp:term":[{"taxonomy":"category","embeddable":true,"href":"https:\/\/www.forum-soegel.de\/information\/wp-json\/wp\/v2\/categories?post=2325"},{"taxonomy":"post_tag","embeddable":true,"href":"https:\/\/www.forum-soegel.de\/information\/wp-json\/wp\/v2\/tags?post=2325"}],"curies":[{"name":"wp","href":"https:\/\/api.w.org\/{rel}","templated":true}]}}