{"id":231,"date":"2010-02-06T17:40:22","date_gmt":"2010-02-06T15:40:22","guid":{"rendered":"https:\/\/www.forum-soegel.de\/information\/?p=231"},"modified":"2010-02-18T14:48:42","modified_gmt":"2010-02-18T12:48:42","slug":"nachwuchs-fur-jagdhorn-%e2%80%93-blasergruppe-gesucht","status":"publish","type":"post","link":"https:\/\/www.forum-soegel.de\/information\/2010\/02\/nachwuchs-fur-jagdhorn-%e2%80%93-blasergruppe-gesucht\/","title":{"rendered":"Nachwuchs f\u00fcr Jagdhorn \u2013 Bl\u00e4sergruppe gesucht"},"content":{"rendered":"<p><em><a href=\"https:\/\/www.forum-soegel.de\/information\/wp-content\/uploads\/2010\/02\/Bl\u00e4ser_Emblem_Clemenswerth.jpg\"><img loading=\"lazy\" decoding=\"async\" class=\"aligncenter size-medium wp-image-234\" title=\"Bl\u00e4ser_Emblem_Clemenswerth\" src=\"https:\/\/www.forum-soegel.de\/information\/wp-content\/uploads\/2010\/02\/Bl\u00e4ser_Emblem_Clemenswerth-300x93.jpg\" alt=\"\" width=\"300\" height=\"93\" srcset=\"https:\/\/www.forum-soegel.de\/information\/wp-content\/uploads\/2010\/02\/Bl\u00e4ser_Emblem_Clemenswerth-300x93.jpg 300w, https:\/\/www.forum-soegel.de\/information\/wp-content\/uploads\/2010\/02\/Bl\u00e4ser_Emblem_Clemenswerth-1024x317.jpg 1024w, https:\/\/www.forum-soegel.de\/information\/wp-content\/uploads\/2010\/02\/Bl\u00e4ser_Emblem_Clemenswerth.jpg 1987w\" sizes=\"auto, (max-width: 300px) 100vw, 300px\" \/><\/a><\/em><\/p>\n<p><em><strong>Nicht nur des J\u00e4gers ABC<\/strong><\/em><\/p>\n<p><em><strong>erfreut ihn selbst nebst Has und Reh.<\/strong><\/em><\/p>\n<p><em><strong>Auch Jagdhornkl\u00e4nge in B-Dur<\/strong><\/em><\/p>\n<p><em><strong>begl\u00fccken ihn nebst Kreatur.<\/strong><\/em><\/p>\n<p><em><strong>Drum \u00fcbe, wer kann, das Jagdhornblasen<\/strong><\/em><\/p>\n<p><em><strong>f\u00fcr Sau, Reh, Fuchs und auch den Hasen.<\/strong><\/em><\/p>\n<p>Allen, die gerne und kostenlos das Jagdhornblasen erlernen m\u00f6chten, bietet unsere Bl\u00e4sergruppe regelm\u00e4\u00dfig<\/p>\n<p>dienstags von 19.30 h &#8211; 20.00 h einen Bl\u00e4serkursus an.<\/p>\n<p>Ort: Schulungsraum Gut Hohenheide, J\u00e4gerhof 5 in S\u00f6gel<\/p>\n<p>Wir w\u00fcrden uns sehr freuen, wenn wir auf diesem Wege gleichzeitig Nachwuchs f\u00fcr unsere Bl\u00e4sergruppe ausbilden k\u00f6nnten.<\/p>\n<p>Meldet euch bitte bei Ansgar Simme unter der Telefon-Nr.: 0170-79 280 85 an.<a href=\"https:\/\/www.forum-soegel.de\/information\/wp-content\/uploads\/2010\/02\/Bl\u00e4sergruppe.jpg\"><img loading=\"lazy\" decoding=\"async\" class=\"alignleft size-thumbnail wp-image-236\" title=\"Bl\u00e4sergruppe\" src=\"https:\/\/www.forum-soegel.de\/information\/wp-content\/uploads\/2010\/02\/Bl\u00e4sergruppe-150x150.jpg\" alt=\"\" width=\"150\" height=\"150\" \/><\/a><\/p>\n","protected":false},"excerpt":{"rendered":"Nicht nur des J\u00e4gers ABC erfreut ihn selbst nebst Has und Reh. Auch Jagdhornkl\u00e4nge in B-Dur begl\u00fccken ihn nebst Kreatur. Drum \u00fcbe, wer kann, das Jagdhornblasen f\u00fcr Sau, Reh, Fuchs und auch den Hasen. Allen, die gerne und kostenlos das Jagdhornblasen erlernen m\u00f6chten, bietet unsere Bl\u00e4sergruppe regelm\u00e4\u00dfig dienstags von 19.30 h &#8211; 20.00 h einen [&hellip;]\n","protected":false},"author":2,"featured_media":0,"comment_status":"closed","ping_status":"closed","sticky":false,"template":"","format":"standard","meta":{"ngg_post_thumbnail":0,"footnotes":""},"categories":[5],"tags":[40,20,38],"class_list":["post-231","post","type-post","status-publish","format-standard","hentry","category-was-machen-die-vereine","tag-blasergruppe","tag-clemenswerth","tag-jagdhornblaser"],"_links":{"self":[{"href":"https:\/\/www.forum-soegel.de\/information\/wp-json\/wp\/v2\/posts\/231","targetHints":{"allow":["GET"]}}],"collection":[{"href":"https:\/\/www.forum-soegel.de\/information\/wp-json\/wp\/v2\/posts"}],"about":[{"href":"https:\/\/www.forum-soegel.de\/information\/wp-json\/wp\/v2\/types\/post"}],"author":[{"embeddable":true,"href":"https:\/\/www.forum-soegel.de\/information\/wp-json\/wp\/v2\/users\/2"}],"replies":[{"embeddable":true,"href":"https:\/\/www.forum-soegel.de\/information\/wp-json\/wp\/v2\/comments?post=231"}],"version-history":[{"count":10,"href":"https:\/\/www.forum-soegel.de\/information\/wp-json\/wp\/v2\/posts\/231\/revisions"}],"predecessor-version":[{"id":461,"href":"https:\/\/www.forum-soegel.de\/information\/wp-json\/wp\/v2\/posts\/231\/revisions\/461"}],"wp:attachment":[{"href":"https:\/\/www.forum-soegel.de\/information\/wp-json\/wp\/v2\/media?parent=231"}],"wp:term":[{"taxonomy":"category","embeddable":true,"href":"https:\/\/www.forum-soegel.de\/information\/wp-json\/wp\/v2\/categories?post=231"},{"taxonomy":"post_tag","embeddable":true,"href":"https:\/\/www.forum-soegel.de\/information\/wp-json\/wp\/v2\/tags?post=231"}],"curies":[{"name":"wp","href":"https:\/\/api.w.org\/{rel}","templated":true}]}}