{"id":229,"date":"2010-02-06T17:26:51","date_gmt":"2010-02-06T15:26:51","guid":{"rendered":"https:\/\/www.forum-soegel.de\/information\/?p=229"},"modified":"2010-03-30T09:51:26","modified_gmt":"2010-03-30T07:51:26","slug":"eroffnung-und-weihnachtsfeier-im-neuen-reiterzentrum","status":"publish","type":"post","link":"https:\/\/www.forum-soegel.de\/information\/2010\/02\/eroffnung-und-weihnachtsfeier-im-neuen-reiterzentrum\/","title":{"rendered":"Er\u00f6ffnung und Weihnachtsfeier im neuen Reiterzentrum"},"content":{"rendered":"<p>Die neuen Eigent\u00fcmer von &#8222;At Home Stables&#8220; haben in Kooperation mit dem Reit- und Fahrverein am 13. Dez. das neue Reiterzentrum von Spahnharrenst\u00e4tte er\u00f6ffnet.<\/p>\n<p>Die gut vorbereitete Veranstaltung mit Reitvorf\u00fchrungen und dem Besuch des Nikolaus war sehr gut besucht.<\/p>\n<p>Das Reiterzentrum soll in Zukunft in erster Linie die Ausbildung von Reiterinnen und Reitern des Reit- und Fahrvereins unterst\u00fctzen. Vereinsvorsitzender Hermann Gerdes sagte dazu bei seiner Er\u00f6ffnungsrede: &#8222;Das ist wie ein Lottogewinn, mit dem wir nie gerechnet h\u00e4tten, aber nat\u00fcrlich haben wir das Angebot sofort dankbar angenommen.&#8220;<\/p>\n<p>Text\/Fotos: Werner R\u00fcdebusch\/Vereine-Spahnharrenst\u00e4tte<\/p>\n<p><a href=\"https:\/\/www.forum-soegel.de\/information\/wp-content\/uploads\/2010\/02\/image-2.gif\"><img loading=\"lazy\" decoding=\"async\" class=\"alignnone size-thumbnail wp-image-436\" title=\"image-2\" src=\"https:\/\/www.forum-soegel.de\/information\/wp-content\/uploads\/2010\/02\/image-2-150x150.gif\" alt=\"\" width=\"150\" height=\"150\" \/><\/a>\u00a0\u00a0 <a href=\"https:\/\/www.forum-soegel.de\/information\/wp-content\/uploads\/2010\/02\/1312090.jpg\"><img loading=\"lazy\" decoding=\"async\" class=\"alignnone size-thumbnail wp-image-438\" title=\"1312090\" src=\"https:\/\/www.forum-soegel.de\/information\/wp-content\/uploads\/2010\/02\/1312090-150x150.jpg\" alt=\"\" width=\"150\" height=\"150\" \/><\/a>\u00a0\u00a0 <a href=\"https:\/\/www.forum-soegel.de\/information\/wp-content\/uploads\/2010\/02\/1312094.jpg\"><img loading=\"lazy\" decoding=\"async\" class=\"alignnone size-thumbnail wp-image-439\" title=\"1312094\" src=\"https:\/\/www.forum-soegel.de\/information\/wp-content\/uploads\/2010\/02\/1312094-150x150.jpg\" alt=\"\" width=\"150\" height=\"150\" \/><\/a>\u00a0\u00a0 <a href=\"https:\/\/www.forum-soegel.de\/information\/wp-content\/uploads\/2010\/02\/13120913.jpg\"><img loading=\"lazy\" decoding=\"async\" class=\"alignnone size-thumbnail wp-image-440\" title=\"13120913\" src=\"https:\/\/www.forum-soegel.de\/information\/wp-content\/uploads\/2010\/02\/13120913-150x150.jpg\" alt=\"\" width=\"150\" height=\"150\" \/><\/a><\/p>\n","protected":false},"excerpt":{"rendered":"Die neuen Eigent\u00fcmer von &#8222;At Home Stables&#8220; haben in Kooperation mit dem Reit- und Fahrverein am 13. Dez. das neue Reiterzentrum von Spahnharrenst\u00e4tte er\u00f6ffnet. Die gut vorbereitete Veranstaltung mit Reitvorf\u00fchrungen und dem Besuch des Nikolaus war sehr gut besucht. Das Reiterzentrum soll in Zukunft in erster Linie die Ausbildung von Reiterinnen und Reitern des Reit- [&hellip;]\n","protected":false},"author":2,"featured_media":0,"comment_status":"closed","ping_status":"closed","sticky":false,"template":"","format":"standard","meta":{"ngg_post_thumbnail":0,"footnotes":""},"categories":[5],"tags":[36,37],"class_list":["post-229","post","type-post","status-publish","format-standard","hentry","category-was-machen-die-vereine","tag-at-home-stables","tag-reiterzentrum"],"_links":{"self":[{"href":"https:\/\/www.forum-soegel.de\/information\/wp-json\/wp\/v2\/posts\/229","targetHints":{"allow":["GET"]}}],"collection":[{"href":"https:\/\/www.forum-soegel.de\/information\/wp-json\/wp\/v2\/posts"}],"about":[{"href":"https:\/\/www.forum-soegel.de\/information\/wp-json\/wp\/v2\/types\/post"}],"author":[{"embeddable":true,"href":"https:\/\/www.forum-soegel.de\/information\/wp-json\/wp\/v2\/users\/2"}],"replies":[{"embeddable":true,"href":"https:\/\/www.forum-soegel.de\/information\/wp-json\/wp\/v2\/comments?post=229"}],"version-history":[{"count":5,"href":"https:\/\/www.forum-soegel.de\/information\/wp-json\/wp\/v2\/posts\/229\/revisions"}],"predecessor-version":[{"id":1255,"href":"https:\/\/www.forum-soegel.de\/information\/wp-json\/wp\/v2\/posts\/229\/revisions\/1255"}],"wp:attachment":[{"href":"https:\/\/www.forum-soegel.de\/information\/wp-json\/wp\/v2\/media?parent=229"}],"wp:term":[{"taxonomy":"category","embeddable":true,"href":"https:\/\/www.forum-soegel.de\/information\/wp-json\/wp\/v2\/categories?post=229"},{"taxonomy":"post_tag","embeddable":true,"href":"https:\/\/www.forum-soegel.de\/information\/wp-json\/wp\/v2\/tags?post=229"}],"curies":[{"name":"wp","href":"https:\/\/api.w.org\/{rel}","templated":true}]}}