{"id":2288,"date":"2010-06-01T14:00:31","date_gmt":"2010-06-01T12:00:31","guid":{"rendered":"https:\/\/www.forum-soegel.de\/information\/?p=2288"},"modified":"2010-06-02T14:50:08","modified_gmt":"2010-06-02T12:50:08","slug":"%e2%80%9ekinder-stark-machen%e2%80%9c-fusball-verbindet","status":"publish","type":"post","link":"https:\/\/www.forum-soegel.de\/information\/2010\/06\/%e2%80%9ekinder-stark-machen%e2%80%9c-fusball-verbindet\/","title":{"rendered":"\u201eKinder stark machen\u201c Fu\u00dfball verbindet"},"content":{"rendered":"<p><!-- \t\t@page { margin: 2cm } \t\tP { margin-bottom: 0.21cm } --><\/p>\n<p><span style=\"font-family: Arial,serif;\"><span style=\"font-size: x-small;\">unter diesem Motto sind am 24.04.2010 gemeinsam 102 Fu\u00dfballerinnen des SV Stavern sowie Sch\u00fcler der Klasse 7 FL und Spielerinnen der Fu\u00dfball AG des H\u00fcmmling-Gymnasiums nach Leverkusen aufgebrochen.<\/span><\/span><\/p>\n<p><span style=\"font-family: Arial,serif;\"><span style=\"font-size: x-small;\">Dort verfolgten sie das Fu\u00dfballbundesligaspiel <\/span><\/span><\/p>\n<p><span style=\"font-family: Arial,serif;\"><span style=\"font-size: x-small;\">Bayer 04 Leverkusen \u2013 Hannover 96.<\/span><\/span><\/p>\n<p><span style=\"font-family: Arial,serif;\"><span style=\"font-size: x-small;\">Bayer k\u00e4mpfte f\u00fcr den 3. Platz (Championsqualifikation) und Hannover 96 um dem Klassenerhalt. <\/span><\/span><\/p>\n<p><span style=\"font-family: Arial,serif;\"><span style=\"font-size: x-small;\">Bei herrlichem Wetter sahen sie ein interessantes Fu\u00dfballspiel mit einigen kniffligen Situationen. Mit einem 3 : 0\u00a0 machten sich alle bei guter Stimmung wieder auf dem Weg Richtung Emsland. Fazit: Fu\u00dfball verbindet halt.<\/span><\/span><\/p>\n<p><span style=\"font-family: Arial,serif;\"><span style=\"font-size: xx-small;\">Text\/Foto: Alois B\u00fcter<\/span><\/span><\/p>\n<p><span style=\"font-family: Arial,serif;\"><span style=\"font-size: xx-small;\"><a href=\"https:\/\/www.forum-soegel.de\/information\/wp-content\/uploads\/2010\/06\/Fu\u00dfball-verb1.jpg\"><img loading=\"lazy\" decoding=\"async\" class=\"alignnone size-thumbnail wp-image-2416\" title=\"Fu\u00dfball verb1\" src=\"https:\/\/www.forum-soegel.de\/information\/wp-content\/uploads\/2010\/06\/Fu\u00dfball-verb1-150x150.jpg\" alt=\"\" width=\"150\" height=\"150\" \/><\/a> <a href=\"https:\/\/www.forum-soegel.de\/information\/wp-content\/uploads\/2010\/06\/Fu\u00dfball-verb2.jpg\"><img loading=\"lazy\" decoding=\"async\" class=\"alignnone size-thumbnail wp-image-2418\" title=\"Fu\u00dfball verb2\" src=\"https:\/\/www.forum-soegel.de\/information\/wp-content\/uploads\/2010\/06\/Fu\u00dfball-verb2-150x150.jpg\" alt=\"\" width=\"150\" height=\"150\" \/><\/a><\/span><\/span><\/p>\n","protected":false},"excerpt":{"rendered":"unter diesem Motto sind am 24.04.2010 gemeinsam 102 Fu\u00dfballerinnen des SV Stavern sowie Sch\u00fcler der Klasse 7 FL und Spielerinnen der Fu\u00dfball AG des H\u00fcmmling-Gymnasiums nach Leverkusen aufgebrochen. Dort verfolgten sie das Fu\u00dfballbundesligaspiel Bayer 04 Leverkusen \u2013 Hannover 96. Bayer k\u00e4mpfte f\u00fcr den 3. Platz (Championsqualifikation) und Hannover 96 um dem Klassenerhalt. Bei herrlichem Wetter [&hellip;]\n","protected":false},"author":2,"featured_media":0,"comment_status":"closed","ping_status":"closed","sticky":false,"template":"","format":"standard","meta":{"ngg_post_thumbnail":0,"footnotes":""},"categories":[6],"tags":[],"class_list":["post-2288","post","type-post","status-publish","format-standard","hentry","category-aus-der-schule-geplaudert"],"_links":{"self":[{"href":"https:\/\/www.forum-soegel.de\/information\/wp-json\/wp\/v2\/posts\/2288","targetHints":{"allow":["GET"]}}],"collection":[{"href":"https:\/\/www.forum-soegel.de\/information\/wp-json\/wp\/v2\/posts"}],"about":[{"href":"https:\/\/www.forum-soegel.de\/information\/wp-json\/wp\/v2\/types\/post"}],"author":[{"embeddable":true,"href":"https:\/\/www.forum-soegel.de\/information\/wp-json\/wp\/v2\/users\/2"}],"replies":[{"embeddable":true,"href":"https:\/\/www.forum-soegel.de\/information\/wp-json\/wp\/v2\/comments?post=2288"}],"version-history":[{"count":3,"href":"https:\/\/www.forum-soegel.de\/information\/wp-json\/wp\/v2\/posts\/2288\/revisions"}],"predecessor-version":[{"id":2417,"href":"https:\/\/www.forum-soegel.de\/information\/wp-json\/wp\/v2\/posts\/2288\/revisions\/2417"}],"wp:attachment":[{"href":"https:\/\/www.forum-soegel.de\/information\/wp-json\/wp\/v2\/media?parent=2288"}],"wp:term":[{"taxonomy":"category","embeddable":true,"href":"https:\/\/www.forum-soegel.de\/information\/wp-json\/wp\/v2\/categories?post=2288"},{"taxonomy":"post_tag","embeddable":true,"href":"https:\/\/www.forum-soegel.de\/information\/wp-json\/wp\/v2\/tags?post=2288"}],"curies":[{"name":"wp","href":"https:\/\/api.w.org\/{rel}","templated":true}]}}