{"id":2285,"date":"2010-06-01T14:00:06","date_gmt":"2010-06-01T12:00:06","guid":{"rendered":"https:\/\/www.forum-soegel.de\/information\/?p=2285"},"modified":"2010-06-02T14:42:02","modified_gmt":"2010-06-02T12:42:02","slug":"franzosische-kultur-auf-radern-france-mobil-in-der-schule-am-schloss","status":"publish","type":"post","link":"https:\/\/www.forum-soegel.de\/information\/2010\/06\/franzosische-kultur-auf-radern-france-mobil-in-der-schule-am-schloss\/","title":{"rendered":"Franz\u00f6sische Kultur auf R\u00e4dern &#8211;  France Mobil in der Schule am Schloss"},"content":{"rendered":"<p><!-- \t\t@page { margin: 2cm } \t\tP { margin-bottom: 0.21cm } --><span style=\"font-family: Arial,sans-serif;\"><span style=\"font-size: x-small;\">Franz\u00f6sischunterricht einmal anders. Dies ist das Angebot von France Mobil, einer Initiative der Kulturabteilung der Franz\u00f6sischen Botschaft in Berlin und der Robert Bosch Stiftung. Seit 2002 f\u00f6rdert das rollende Kulturinstitut das Interesse an Frankreich, seiner Sprache und Kultur bei deutschen Jugendlichen. <\/span><\/span><\/p>\n<p><span style=\"font-family: Arial,sans-serif;\"><span style=\"font-size: x-small;\">Emilie Heimburger, eine der 12 France Mobil-Lektoren, die in ganz Deutschland mit ihrem Renault-Kangoo Schulen besuchen, reiste aus Bremen an, um Sch\u00fclern der 5., 6. und 7. Klassen der Schule am Schloss Frankreich n\u00e4her zu bringen, ihnen Spa\u00df an der Sprache zu vermitteln und sie zu motivieren, Franz\u00f6sisch als zweite Fremdsprache zu lernen oder weiterzulernen. Dabei machte die Referentin den Sch\u00fclern gleich zu Anfang bewusst, was sie bereits \u00fcber Frankreich wissen und auf Franz\u00f6sisch sagen und verstehen k\u00f6nnen. <\/span><\/span><\/p>\n<p><span style=\"font-family: Arial,sans-serif;\"><span style=\"font-size: x-small;\">Was haben Brezel mit Baguette, Angela Merkel mit Nicolas Sarkozy zu tun? Spielerisch entdeckten die Sch\u00fcler und Sch\u00fclerinnen kulturelle Gemeinsamkeiten und Unterschiede beim deutsch-franz\u00f6sischen Memory. Neben dem aktuellen Hit <\/span><\/span><span style=\"font-family: Arial,sans-serif;\"><span style=\"font-size: x-small;\"><em>Alors, on danse<\/em><\/span><\/span><span style=\"font-family: Arial,sans-serif;\"><span style=\"font-size: x-small;\"> von Stromae stellte Heimburger weitere Musiktitel aus Frankreich vor. Mit Hilfe von Karteikarten ordneten die Sch\u00fcler in Gruppen die Titel und Interpreten aktueller franz\u00f6sischer Hits den entsprechenden Musikausschnitten zu. Die \u00e4lteren Sch\u00fcler identifizierten die Landesumrisse frankophoner L\u00e4nder auf der Landkarte und stellten dabei fest, dass Franz\u00f6sisch eine Weltsprache ist. Auf dem Activ Board zeigte die Referentin ihnen interessante Webseiten, auf denen sie sogleich bei einem Quiz zum Thema Fu\u00dfball ihre bisher erworbenen Sprachkenntnisse anwenden konnten.<\/span><\/span><\/p>\n<p><span style=\"font-family: Arial,sans-serif;\"><span style=\"font-size: x-small;\">Emilie Heimburger, die ein Jahr lang f\u00fcr France Mobil t\u00e4tig ist, hat in diesem Schuljahr bisher knapp 70 Schulen in Bremen und Niedersachsen besucht. In Frankreich fahren indessen seit 10 Jahren die Deutsch Mobile, um dort f\u00fcr die deutsche Kultur zu werben. Frau Heimburger lud die Sch\u00fcler und Sch\u00fclerinnen ein, aus diesem Anlass an einem Preisausschreiben teilzunehmen. Auf einer sch\u00f6nen Postkarte aus S\u00f6gel k\u00f6nnen sie franz\u00f6sischen Sch\u00fclern erkl\u00e4ren, warum sie Deutsch lernen sollen, so wie sie Franz\u00f6sisch lernen.<\/span><\/span><\/p>\n<p><span style=\"font-family: Arial,sans-serif;\"><span style=\"font-size: xx-small;\">Text\/Foto: Reinhild Gallus<\/span><\/span><\/p>\n<p><span style=\"font-family: Arial,sans-serif;\"><span style=\"font-size: xx-small;\"><a href=\"https:\/\/www.forum-soegel.de\/information\/wp-content\/uploads\/2010\/06\/FranceMobil201018.jpg\"><img loading=\"lazy\" decoding=\"async\" class=\"alignnone size-thumbnail wp-image-2414\" title=\"FranceMobil2010(18)\" src=\"https:\/\/www.forum-soegel.de\/information\/wp-content\/uploads\/2010\/06\/FranceMobil201018-150x150.jpg\" alt=\"\" width=\"150\" height=\"150\" \/><\/a><\/span><\/span><\/p>\n","protected":false},"excerpt":{"rendered":"Franz\u00f6sischunterricht einmal anders. Dies ist das Angebot von France Mobil, einer Initiative der Kulturabteilung der Franz\u00f6sischen Botschaft in Berlin und der Robert Bosch Stiftung. Seit 2002 f\u00f6rdert das rollende Kulturinstitut das Interesse an Frankreich, seiner Sprache und Kultur bei deutschen Jugendlichen. Emilie Heimburger, eine der 12 France Mobil-Lektoren, die in ganz Deutschland mit ihrem Renault-Kangoo [&hellip;]\n","protected":false},"author":2,"featured_media":0,"comment_status":"closed","ping_status":"closed","sticky":false,"template":"","format":"standard","meta":{"ngg_post_thumbnail":0,"footnotes":""},"categories":[6],"tags":[],"class_list":["post-2285","post","type-post","status-publish","format-standard","hentry","category-aus-der-schule-geplaudert"],"_links":{"self":[{"href":"https:\/\/www.forum-soegel.de\/information\/wp-json\/wp\/v2\/posts\/2285","targetHints":{"allow":["GET"]}}],"collection":[{"href":"https:\/\/www.forum-soegel.de\/information\/wp-json\/wp\/v2\/posts"}],"about":[{"href":"https:\/\/www.forum-soegel.de\/information\/wp-json\/wp\/v2\/types\/post"}],"author":[{"embeddable":true,"href":"https:\/\/www.forum-soegel.de\/information\/wp-json\/wp\/v2\/users\/2"}],"replies":[{"embeddable":true,"href":"https:\/\/www.forum-soegel.de\/information\/wp-json\/wp\/v2\/comments?post=2285"}],"version-history":[{"count":3,"href":"https:\/\/www.forum-soegel.de\/information\/wp-json\/wp\/v2\/posts\/2285\/revisions"}],"predecessor-version":[{"id":2415,"href":"https:\/\/www.forum-soegel.de\/information\/wp-json\/wp\/v2\/posts\/2285\/revisions\/2415"}],"wp:attachment":[{"href":"https:\/\/www.forum-soegel.de\/information\/wp-json\/wp\/v2\/media?parent=2285"}],"wp:term":[{"taxonomy":"category","embeddable":true,"href":"https:\/\/www.forum-soegel.de\/information\/wp-json\/wp\/v2\/categories?post=2285"},{"taxonomy":"post_tag","embeddable":true,"href":"https:\/\/www.forum-soegel.de\/information\/wp-json\/wp\/v2\/tags?post=2285"}],"curies":[{"name":"wp","href":"https:\/\/api.w.org\/{rel}","templated":true}]}}