{"id":2282,"date":"2010-06-01T14:00:40","date_gmt":"2010-06-01T12:00:40","guid":{"rendered":"https:\/\/www.forum-soegel.de\/information\/?p=2282"},"modified":"2010-06-02T14:39:37","modified_gmt":"2010-06-02T12:39:37","slug":"dritte-klassen-besuchten-das-neue-feuerwehrhaus","status":"publish","type":"post","link":"https:\/\/www.forum-soegel.de\/information\/2010\/06\/dritte-klassen-besuchten-das-neue-feuerwehrhaus\/","title":{"rendered":"Dritte Klassen  besuchten das neue Feuerwehrhaus"},"content":{"rendered":"<p><span style=\"font-size: x-small;\">Am letzten Schultag vor den Osterferien besuchten zwei dritte Klassen der Grundschule mit ihren Klassenlehrerinnen Frau Wolters und Frau Wieneke das neue Feuerwehrhaus an der Industriestra\u00dfe. Nachdem das Thema Feuerwehr ausf\u00fchrlich im Unterricht besprochen worden war, sollte nun vor Ort, bei der Freiwilligen Feuerwehr S\u00f6gel, das Thema praktisch angegangen werden.<\/span><\/p>\n<p><span style=\"font-size: x-small;\">Da der Weg von der Schule zum neuen Feuerwehrhaus doch erheblich weiter ist, wurden die Gruppen von der Feuerwehr bei der Schule abgeholt. Nach der spannenden Fahrt im Feuerwehrwagen, begr\u00fc\u00dften die Feuerwehrkameraden Siegfried Grotjohann, Georg Lake, Florian B\u00fcter und Ludger R\u00f6tepohl die Gruppen. Zun\u00e4chst f\u00fchrten sie die Kinder durch das neue Feuerwehrhaus, dann wurden den Kindern die einzelnen Feuerwehrfahrzeuge mit ihren technischen Ger\u00e4ten erkl\u00e4rt. <\/span><\/p>\n<p><span style=\"font-size: x-small;\">Die Kinder hatten hier die Gelegenheit, Strahlrohre, Schl\u00e4uche und die Hilfeleitungsger\u00e4te selbst einmal in die Hand zu nehmen und sie genau zu begutachten. Nach zwei interessanten Stunden ging es dann wieder mit dem &#8222;Feuerwehrtaxi&#8220; zur\u00fcck zur Schule. Alle waren von der F\u00fchrung begeistert, und viele Kinder \u00fcberlegen, ob sie nicht auch bei der Feuerwehr mitmachen. Da die Feuerwehr S\u00f6gel \u00fcber eine Jugendfeuerwehr verf\u00fcgt, besteht hierzu schon ab dem 10. Lebensjahr die M\u00f6glichkeit, mitzumachen.<\/span><\/p>\n<p><span style=\"font-size: xx-small;\">Text:Ludger R\u00f6tepohl<\/span><\/p>\n<p><span style=\"font-size: xx-small;\">Foto: Birgit Nethe<\/span><\/p>\n<p><span style=\"font-size: xx-small;\"><a href=\"https:\/\/www.forum-soegel.de\/information\/wp-content\/uploads\/2010\/06\/Schule-bei-Feuer-21.jpg\"><img loading=\"lazy\" decoding=\"async\" class=\"alignnone size-thumbnail wp-image-2410\" title=\"Schule bei Feuer 2\" src=\"https:\/\/www.forum-soegel.de\/information\/wp-content\/uploads\/2010\/06\/Schule-bei-Feuer-21-150x150.jpg\" alt=\"\" width=\"150\" height=\"150\" \/><\/a> <a href=\"https:\/\/www.forum-soegel.de\/information\/wp-content\/uploads\/2010\/06\/Schule-bei-Feuer-3.jpg\"><img loading=\"lazy\" decoding=\"async\" class=\"alignnone size-thumbnail wp-image-2411\" title=\"Schule bei Feuer 3\" src=\"https:\/\/www.forum-soegel.de\/information\/wp-content\/uploads\/2010\/06\/Schule-bei-Feuer-3-150x150.jpg\" alt=\"\" width=\"150\" height=\"150\" \/><\/a><\/span><\/p>\n","protected":false},"excerpt":{"rendered":"Am letzten Schultag vor den Osterferien besuchten zwei dritte Klassen der Grundschule mit ihren Klassenlehrerinnen Frau Wolters und Frau Wieneke das neue Feuerwehrhaus an der Industriestra\u00dfe. Nachdem das Thema Feuerwehr ausf\u00fchrlich im Unterricht besprochen worden war, sollte nun vor Ort, bei der Freiwilligen Feuerwehr S\u00f6gel, das Thema praktisch angegangen werden. Da der Weg von der [&hellip;]\n","protected":false},"author":2,"featured_media":0,"comment_status":"closed","ping_status":"closed","sticky":false,"template":"","format":"standard","meta":{"ngg_post_thumbnail":0,"footnotes":""},"categories":[6],"tags":[],"class_list":["post-2282","post","type-post","status-publish","format-standard","hentry","category-aus-der-schule-geplaudert"],"_links":{"self":[{"href":"https:\/\/www.forum-soegel.de\/information\/wp-json\/wp\/v2\/posts\/2282","targetHints":{"allow":["GET"]}}],"collection":[{"href":"https:\/\/www.forum-soegel.de\/information\/wp-json\/wp\/v2\/posts"}],"about":[{"href":"https:\/\/www.forum-soegel.de\/information\/wp-json\/wp\/v2\/types\/post"}],"author":[{"embeddable":true,"href":"https:\/\/www.forum-soegel.de\/information\/wp-json\/wp\/v2\/users\/2"}],"replies":[{"embeddable":true,"href":"https:\/\/www.forum-soegel.de\/information\/wp-json\/wp\/v2\/comments?post=2282"}],"version-history":[{"count":4,"href":"https:\/\/www.forum-soegel.de\/information\/wp-json\/wp\/v2\/posts\/2282\/revisions"}],"predecessor-version":[{"id":2413,"href":"https:\/\/www.forum-soegel.de\/information\/wp-json\/wp\/v2\/posts\/2282\/revisions\/2413"}],"wp:attachment":[{"href":"https:\/\/www.forum-soegel.de\/information\/wp-json\/wp\/v2\/media?parent=2282"}],"wp:term":[{"taxonomy":"category","embeddable":true,"href":"https:\/\/www.forum-soegel.de\/information\/wp-json\/wp\/v2\/categories?post=2282"},{"taxonomy":"post_tag","embeddable":true,"href":"https:\/\/www.forum-soegel.de\/information\/wp-json\/wp\/v2\/tags?post=2282"}],"curies":[{"name":"wp","href":"https:\/\/api.w.org\/{rel}","templated":true}]}}