{"id":2274,"date":"2010-06-01T14:00:53","date_gmt":"2010-06-01T12:00:53","guid":{"rendered":"https:\/\/www.forum-soegel.de\/information\/?p=2274"},"modified":"2010-06-02T14:33:03","modified_gmt":"2010-06-02T12:33:03","slug":"deeskalationstraining-an-der-schule-am-schloss","status":"publish","type":"post","link":"https:\/\/www.forum-soegel.de\/information\/2010\/06\/deeskalationstraining-an-der-schule-am-schloss\/","title":{"rendered":"Deeskalationstraining an der Schule am Schloss"},"content":{"rendered":"<p><!-- \t\t@page { margin: 2cm } \t\tP { margin-bottom: 0.21cm } --><span style=\"font-family: Arial,sans-serif;\"><span style=\"font-size: x-small;\">in diesem\u00a0Jahr f\u00fchrte die Schule am Schloss f\u00fcr die 7. Klassen wieder an zwei Vormittagen ein Deeskalations-Training durch, das vom F\u00f6rderverein \u201eFreunde und F\u00f6rderer der Schule am Schloss\u201c unterst\u00fctzt wurde, so dass der Eigenanteil pro Sch\u00fcler stark gemindert werden konnte. <\/span><\/span><\/p>\n<p><span style=\"font-family: Arial,sans-serif;\"><span style=\"font-size: x-small;\">Das Institut f\u00fcr Gewaltpr\u00e4vention, Selbstbehauptung und Konflikttraining I-GSK e.V. \u2013 setzt sich zum Ziel, den Sch\u00fcler\/innen anhand verschiedener \u00dcbungen und Situationen erkennen zu lassen, wie man k\u00f6rperlicher Gewalt entgegentritt, bzw. Gewaltsituationen vermeiden oder entsch\u00e4rfen kann. Des Weiteren lernten sie aber auch, dass es neben der k\u00f6rperlichen auch psychische Formen der Gewalt gibt. Durch verschiedenste Rollenspiele wurde den Sch\u00fcler\/Innen bewusst gemacht, was Ausgrenzung und Mobbing bewirken k\u00f6nnen. Hierbei wurde  sowohl die Opfer- als auch die T\u00e4terrolle erfahren. \u201eRespekt und Toleranz sind wichtige Aspekte, die zur Gewaltvermeidung notwendig sind,\u201c  erkl\u00e4rten die Trainer den interessierten Sch\u00fcler\/innen. <\/span><\/span><\/p>\n<p><span style=\"font-family: Arial,sans-serif;\"><span style=\"font-size: x-small;\">Im letzten Teil des Projekts erfuhren die Sch\u00fcler\/innen deshalb, dass Verallgemeinerungen schnell zu Vorurteilen f\u00fchren k\u00f6nnen, die nicht stimmen. <\/span><\/span><\/p>\n<p><span style=\"font-family: Arial,sans-serif;\"><span style=\"font-size: x-small;\">Schulleiter Lothar Schulz bedankte sich bei den Trainern f\u00fcr das gelungene Projekt und auch im Namen aller Eltern, Lehrer und Sch\u00fcler beim 1.Vorsitzenden des F\u00f6rdervereins Theodor L\u00fcke f\u00fcr die finanzielle Unterst\u00fctzung dabei.<\/span><\/span><\/p>\n<p><span style=\"font-family: Arial,sans-serif;\"><span style=\"font-size: xx-small;\">Text\/Foto: Gisela Arling<\/span><\/span><\/p>\n<p><a href=\"https:\/\/www.forum-soegel.de\/information\/wp-content\/uploads\/2010\/06\/Deeskalation-21.jpg\"><img loading=\"lazy\" decoding=\"async\" class=\"alignnone size-thumbnail wp-image-2405\" title=\"Deeskalation 2\" src=\"https:\/\/www.forum-soegel.de\/information\/wp-content\/uploads\/2010\/06\/Deeskalation-21-150x150.jpg\" alt=\"\" width=\"150\" height=\"150\" \/><\/a><\/p>\n<p><span style=\"font-family: Arial,sans-serif;\"><span style=\"font-size: xx-small;\"><br \/>\n<\/span><\/span><\/p>\n","protected":false},"excerpt":{"rendered":"in diesem\u00a0Jahr f\u00fchrte die Schule am Schloss f\u00fcr die 7. Klassen wieder an zwei Vormittagen ein Deeskalations-Training durch, das vom F\u00f6rderverein \u201eFreunde und F\u00f6rderer der Schule am Schloss\u201c unterst\u00fctzt wurde, so dass der Eigenanteil pro Sch\u00fcler stark gemindert werden konnte. Das Institut f\u00fcr Gewaltpr\u00e4vention, Selbstbehauptung und Konflikttraining I-GSK e.V. \u2013 setzt sich zum Ziel, den [&hellip;]\n","protected":false},"author":2,"featured_media":0,"comment_status":"closed","ping_status":"closed","sticky":false,"template":"","format":"standard","meta":{"ngg_post_thumbnail":0,"footnotes":""},"categories":[6],"tags":[],"class_list":["post-2274","post","type-post","status-publish","format-standard","hentry","category-aus-der-schule-geplaudert"],"_links":{"self":[{"href":"https:\/\/www.forum-soegel.de\/information\/wp-json\/wp\/v2\/posts\/2274","targetHints":{"allow":["GET"]}}],"collection":[{"href":"https:\/\/www.forum-soegel.de\/information\/wp-json\/wp\/v2\/posts"}],"about":[{"href":"https:\/\/www.forum-soegel.de\/information\/wp-json\/wp\/v2\/types\/post"}],"author":[{"embeddable":true,"href":"https:\/\/www.forum-soegel.de\/information\/wp-json\/wp\/v2\/users\/2"}],"replies":[{"embeddable":true,"href":"https:\/\/www.forum-soegel.de\/information\/wp-json\/wp\/v2\/comments?post=2274"}],"version-history":[{"count":5,"href":"https:\/\/www.forum-soegel.de\/information\/wp-json\/wp\/v2\/posts\/2274\/revisions"}],"predecessor-version":[{"id":2406,"href":"https:\/\/www.forum-soegel.de\/information\/wp-json\/wp\/v2\/posts\/2274\/revisions\/2406"}],"wp:attachment":[{"href":"https:\/\/www.forum-soegel.de\/information\/wp-json\/wp\/v2\/media?parent=2274"}],"wp:term":[{"taxonomy":"category","embeddable":true,"href":"https:\/\/www.forum-soegel.de\/information\/wp-json\/wp\/v2\/categories?post=2274"},{"taxonomy":"post_tag","embeddable":true,"href":"https:\/\/www.forum-soegel.de\/information\/wp-json\/wp\/v2\/tags?post=2274"}],"curies":[{"name":"wp","href":"https:\/\/api.w.org\/{rel}","templated":true}]}}