{"id":2272,"date":"2010-06-01T14:00:12","date_gmt":"2010-06-01T12:00:12","guid":{"rendered":"https:\/\/www.forum-soegel.de\/information\/?p=2272"},"modified":"2010-05-29T16:25:44","modified_gmt":"2010-05-29T14:25:44","slug":"umfrage-zum-thema-umweltschutz","status":"publish","type":"post","link":"https:\/\/www.forum-soegel.de\/information\/2010\/06\/umfrage-zum-thema-umweltschutz\/","title":{"rendered":"Umfrage zum Thema Umweltschutz"},"content":{"rendered":"<p><!-- \t\t@page { margin: 2cm } \t\tP { margin-bottom: 0.21cm } --><span style=\"font-size: x-small;\">Wir \u201eDruckerpatronen\u201c haben eine allgemeine Umfrage zum Thema \u201eUmweltschutz\u201c durchgef\u00fchrt. Dazu haben wir uns auf dem Parkplatz beim EDEKA-Markt getroffen. Die Inhaberfamilie Meyer erlaubte uns, in deren Markt Kunden zu befragen. Ausz\u00fcge aus dem Interview wollen wir auf dieser Seite vorstellen:<\/span><\/p>\n<p><span style=\"font-size: x-small;\">Druckerpatrone: Welches Umweltproblem spricht Sie besonders an?<\/span><\/p>\n<p><span style=\"font-size: x-small;\">Christa Grabitzki: Der Klimawandel macht mir am meisten Sorgen. <\/span><\/p>\n<p><span style=\"font-size: x-small;\">Druckerpatrone:  Was, finden Sie, sch\u00e4digt  die Umwelt am st\u00e4rksten?<\/span><\/p>\n<p><span style=\"font-size: x-small;\">Helmut Westermann: Kraftfahrzeuge und Fabriken sto\u00dfen zu viel umweltsch\u00e4dliche Stoffe aus. <\/span><\/p>\n<p><span style=\"font-size: x-small;\">Druckerpatrone: Welche Naturkatastrophe hat Sie besonders stark ber\u00fchrt?<\/span><\/p>\n<p><span style=\"font-size: x-small;\">Elisabeth B\u00fcter: Der Vulkanausbruch in Island mit den ganzen Aschewolken.<\/span><\/p>\n<p><span style=\"font-size: x-small;\">Druckerpatrone: Wie sortieren Sie M\u00fcll?<\/span><\/p>\n<p><span style=\"font-size: x-small;\">Herr Meyer: Nach Vorschrift, gelber Sack usw.<\/span><\/p>\n<p><span style=\"font-size: x-small;\">Druckerpatrone: Kaufen Sie f\u00fcr Ihren Laden Bioprodukte?<\/span><\/p>\n<p><span style=\"font-size: x-small;\">Herr Meyer: Privat und in der Filiale sind mir Bioprodukte wichtig.<\/span><\/p>\n<p><span style=\"font-size: x-small;\">Druckerpatrone: Was w\u00fcrden sie tun wenn sie die M\u00f6glichkeit h\u00e4tten in S\u00f6gels Umwelt zu ver\u00e4ndern?<\/span><\/p>\n<p><span style=\"font-size: x-small;\">1. Marina Bruns: Weniger Autofahren und mehr darauf achten das man zu Fu\u00df geht oder Fahrrad f\u00e4hrt.<\/span><\/p>\n<p><span style=\"font-size: x-small;\">2. Annette Geerdes: Ich w\u00fcrde darauf achten, dass im Wald nicht mehr so viel M\u00fcll herum liegt.<\/span><\/p>\n<p><span style=\"font-size: x-small;\">3. Nicola: Keiner kann etwas f\u00fcr die Umwelt mehr tun! Wir Menschen h\u00e4tten damit schon fr\u00fcher anfangen m\u00fcssen. Das bringt jetzt nichts mehr!<\/span><\/p>\n<p><span style=\"font-size: x-small;\">Druckerpatrone: Was tun Sie f\u00fcr die Umwelt?<\/span><\/p>\n<p><span style=\"font-size: x-small;\">1. Hermine Haarmann: Ich trenne M\u00fcll, fahre viel Fahrrad und benutzt keine scharfen Reinigungsmittel.<\/span><\/p>\n<p><span style=\"font-size: x-small;\">2. Martina Herbes: Ich finde es wichtig, dass meine Kinder, wenn eben m\u00f6glich, oft mit dem Fahrrad fahren. Au\u00dferdem lege ich viel Wert darauf, den M\u00fcll ordnungsgem\u00e4\u00df zu trennen.<\/span><\/p>\n<p><span style=\"font-size: x-small;\">3. Angelika Hespe: F\u00fcr mich ist es wichtig, den M\u00fcll ordnungsgem\u00e4\u00df zu trennen.<\/span><\/p>\n<p>\ufeff<\/p>\n","protected":false},"excerpt":{"rendered":"Wir \u201eDruckerpatronen\u201c haben eine allgemeine Umfrage zum Thema \u201eUmweltschutz\u201c durchgef\u00fchrt. Dazu haben wir uns auf dem Parkplatz beim EDEKA-Markt getroffen. Die Inhaberfamilie Meyer erlaubte uns, in deren Markt Kunden zu befragen. Ausz\u00fcge aus dem Interview wollen wir auf dieser Seite vorstellen: Druckerpatrone: Welches Umweltproblem spricht Sie besonders an? Christa Grabitzki: Der Klimawandel macht mir am [&hellip;]\n","protected":false},"author":2,"featured_media":0,"comment_status":"closed","ping_status":"closed","sticky":false,"template":"","format":"standard","meta":{"ngg_post_thumbnail":0,"footnotes":""},"categories":[276],"tags":[],"class_list":["post-2272","post","type-post","status-publish","format-standard","hentry","category-jugend-schreibt"],"_links":{"self":[{"href":"https:\/\/www.forum-soegel.de\/information\/wp-json\/wp\/v2\/posts\/2272","targetHints":{"allow":["GET"]}}],"collection":[{"href":"https:\/\/www.forum-soegel.de\/information\/wp-json\/wp\/v2\/posts"}],"about":[{"href":"https:\/\/www.forum-soegel.de\/information\/wp-json\/wp\/v2\/types\/post"}],"author":[{"embeddable":true,"href":"https:\/\/www.forum-soegel.de\/information\/wp-json\/wp\/v2\/users\/2"}],"replies":[{"embeddable":true,"href":"https:\/\/www.forum-soegel.de\/information\/wp-json\/wp\/v2\/comments?post=2272"}],"version-history":[{"count":3,"href":"https:\/\/www.forum-soegel.de\/information\/wp-json\/wp\/v2\/posts\/2272\/revisions"}],"predecessor-version":[{"id":2280,"href":"https:\/\/www.forum-soegel.de\/information\/wp-json\/wp\/v2\/posts\/2272\/revisions\/2280"}],"wp:attachment":[{"href":"https:\/\/www.forum-soegel.de\/information\/wp-json\/wp\/v2\/media?parent=2272"}],"wp:term":[{"taxonomy":"category","embeddable":true,"href":"https:\/\/www.forum-soegel.de\/information\/wp-json\/wp\/v2\/categories?post=2272"},{"taxonomy":"post_tag","embeddable":true,"href":"https:\/\/www.forum-soegel.de\/information\/wp-json\/wp\/v2\/tags?post=2272"}],"curies":[{"name":"wp","href":"https:\/\/api.w.org\/{rel}","templated":true}]}}