{"id":22719,"date":"2017-11-01T00:47:32","date_gmt":"2017-10-31T23:47:32","guid":{"rendered":"https:\/\/www.forum-soegel.de\/information\/?p=22719"},"modified":"2017-10-31T16:50:16","modified_gmt":"2017-10-31T15:50:16","slug":"500-jahre-reformation-2","status":"publish","type":"post","link":"https:\/\/www.forum-soegel.de\/information\/2017\/11\/500-jahre-reformation-2\/","title":{"rendered":"500 Jahre Reformation"},"content":{"rendered":"<p>S\u00f6gel &#8211; Selbstverst\u00e4ndlich befasst sich auch das Forum S\u00f6gel mit dieser Thematik. Dabei stehen nicht so sehr im Mittelpunkt die weltweiten Auswirkungen der Reformation, die man unter diesem Aspekt auch als Kulturrevolution bezeichnen kann, sondern in drei Vortr\u00e4gen mit Diskussionen die Bedeutung der Reformation f\u00fcr die hiesige Region. Alle Veranstaltungen finden in der Geschichts- und Zukunftswerkstatt des Forums in S\u00f6gel, Sigiltrastr. 10a, statt. Sie stehen unter dem Motto: 500 Jahre Reformation \u2013 Auswirkungen auf die Menschen auf dem H\u00fcmmling.<\/p>\n<p>&nbsp;<\/p>\n<ol start=\"8\">\n<li>November, 16.00 Uhr, Die H\u00fcmmlinger erleben die Wirren des 16. und 17. Jahrhunderts Missst\u00e4nde durch Machtstreben in Kirche und Staat verlangen nach Reformen<\/li>\n<li>November, 16.00 Uhr, Das K\u00f6nigreich Hannover wird preu\u00dfisch. Die Situation der evangelischen und katholischen Bev\u00f6lkerung in den preu\u00dfisch regierten Regionen Grafschaft Bentheim und Emsland\/H\u00fcmmling<\/li>\n<li>November, 16.00 Uhr, Geschichte der evangelisch-lutherischen Markus-Gemeinde zu S\u00f6gel<\/li>\n<\/ol>\n<p>&nbsp;<\/p>\n<p>Text: UM<\/p>\n<p>&nbsp;<\/p>\n","protected":false},"excerpt":{"rendered":"S\u00f6gel &#8211; Selbstverst\u00e4ndlich befasst sich auch das Forum S\u00f6gel mit dieser Thematik. Dabei stehen nicht so sehr im Mittelpunkt die weltweiten Auswirkungen der Reformation, die man unter diesem Aspekt auch als Kulturrevolution bezeichnen kann, sondern in drei Vortr\u00e4gen mit Diskussionen die Bedeutung der Reformation f\u00fcr die hiesige Region. Alle Veranstaltungen finden in der Geschichts- und [&hellip;]\n","protected":false},"author":2,"featured_media":0,"comment_status":"closed","ping_status":"closed","sticky":false,"template":"","format":"standard","meta":{"ngg_post_thumbnail":0,"footnotes":""},"categories":[5],"tags":[],"class_list":["post-22719","post","type-post","status-publish","format-standard","hentry","category-was-machen-die-vereine"],"_links":{"self":[{"href":"https:\/\/www.forum-soegel.de\/information\/wp-json\/wp\/v2\/posts\/22719","targetHints":{"allow":["GET"]}}],"collection":[{"href":"https:\/\/www.forum-soegel.de\/information\/wp-json\/wp\/v2\/posts"}],"about":[{"href":"https:\/\/www.forum-soegel.de\/information\/wp-json\/wp\/v2\/types\/post"}],"author":[{"embeddable":true,"href":"https:\/\/www.forum-soegel.de\/information\/wp-json\/wp\/v2\/users\/2"}],"replies":[{"embeddable":true,"href":"https:\/\/www.forum-soegel.de\/information\/wp-json\/wp\/v2\/comments?post=22719"}],"version-history":[{"count":1,"href":"https:\/\/www.forum-soegel.de\/information\/wp-json\/wp\/v2\/posts\/22719\/revisions"}],"predecessor-version":[{"id":22720,"href":"https:\/\/www.forum-soegel.de\/information\/wp-json\/wp\/v2\/posts\/22719\/revisions\/22720"}],"wp:attachment":[{"href":"https:\/\/www.forum-soegel.de\/information\/wp-json\/wp\/v2\/media?parent=22719"}],"wp:term":[{"taxonomy":"category","embeddable":true,"href":"https:\/\/www.forum-soegel.de\/information\/wp-json\/wp\/v2\/categories?post=22719"},{"taxonomy":"post_tag","embeddable":true,"href":"https:\/\/www.forum-soegel.de\/information\/wp-json\/wp\/v2\/tags?post=22719"}],"curies":[{"name":"wp","href":"https:\/\/api.w.org\/{rel}","templated":true}]}}