{"id":22715,"date":"2017-11-01T00:45:28","date_gmt":"2017-10-31T23:45:28","guid":{"rendered":"https:\/\/www.forum-soegel.de\/information\/?p=22715"},"modified":"2017-10-31T16:47:28","modified_gmt":"2017-10-31T15:47:28","slug":"eroeffnung-des-neuen-bueros-gefeiert","status":"publish","type":"post","link":"https:\/\/www.forum-soegel.de\/information\/2017\/11\/eroeffnung-des-neuen-bueros-gefeiert\/","title":{"rendered":"Er\u00f6ffnung des neuen B\u00fcros gefeiert"},"content":{"rendered":"<p><a href=\"https:\/\/www.forum-soegel.de\/information\/wp-content\/uploads\/2017\/10\/Er\u00f6ffnung-des-neuen-B\u00fcros-gefeiert-1.jpg\"><img loading=\"lazy\" decoding=\"async\" class=\"alignleft size-medium wp-image-22716\" src=\"https:\/\/www.forum-soegel.de\/information\/wp-content\/uploads\/2017\/10\/Er\u00f6ffnung-des-neuen-B\u00fcros-gefeiert-1-300x199.jpg\" alt=\"\" width=\"300\" height=\"199\" srcset=\"https:\/\/www.forum-soegel.de\/information\/wp-content\/uploads\/2017\/10\/Er\u00f6ffnung-des-neuen-B\u00fcros-gefeiert-1-300x199.jpg 300w, https:\/\/www.forum-soegel.de\/information\/wp-content\/uploads\/2017\/10\/Er\u00f6ffnung-des-neuen-B\u00fcros-gefeiert-1-768x510.jpg 768w, https:\/\/www.forum-soegel.de\/information\/wp-content\/uploads\/2017\/10\/Er\u00f6ffnung-des-neuen-B\u00fcros-gefeiert-1.jpg 1024w\" sizes=\"auto, (max-width: 300px) 100vw, 300px\" \/><\/a>Gro\u00df Ber\u00dfen &#8211; Nach langer Planung, kurzer Bauphase und reibungslosem Umzug war es endlich soweit: Dipl.Ing. (FH) Architekt Josef Beelmann er\u00f6ffnete am 01. Oktober\u00a0 2017 zusammen mit seinem kleinen Team, bestehend aus seiner Frau Anja, sowie seinem Bauleiter Johannes Ficker, ganz offiziell sein neues B\u00fcrogeb\u00e4ude in der Ringstra\u00dfe in Gro\u00df Ber\u00dfen. Untypisch f\u00fcr das Ortsbild, jedoch typisch Architekt, f\u00e4llt dieses Holzhaus am Ortseingang aus Richtung Klein Ber\u00dfen ins Auge. Zun\u00e4chst konnten sich am Sonntag Abend geladene G\u00e4ste das Geb\u00e4ude von innen und au\u00dfen ansehen und erl\u00e4utern lassen. B\u00fcrgermeister Kurlemann wie\u00df in seiner Rede darauf hin, dass Beelmann den richtigen Standort gew\u00e4hlt habe, wenn in ein paar Jahren, die Kinder welche jetzt auf dem Spielplatz nebenan spielten mit Ihren Hausbaupl\u00e4nen zu ihm k\u00e4men.<\/p>\n<p>Am Dienstag, dem Tag der deutschen Einheit standen die neuen B\u00fcror\u00e4ume im Rahmen eines Tag der offenen T\u00fcr f\u00fcr alle Interessierten offen. Bei Kaffe und Kuchen konnte sich jeder \u00fcber bereits abgeschlossenen und laufende Projekte des 37j\u00e4hrigen Architekten informieren und sich zu eigenen Ideen kurz beraten lassen. Auch den Kindern wurde Programm geboten. So gab es Kinderschminken, einen Maltisch und ein Gl\u00fccksrad. Die Kita Regenbogenland in Gro\u00df Ber\u00dfen darf sich \u00fcber gesammelte Spenden in H\u00f6he von 200,50\u20ac freuen, welche von Beelmann auf 250\u20ac aufgerundet wurden. &#8222;Es war trotz des schlechten Wetters am Dienstag ein erfolgreicher Tag. Ich denke wir konnten auf uns aufmerksam machen und einige neuen Kunden gewinnen.&#8220; So das Fazit Beelmanns und er f\u00fcgt hinzu: &#8222;wir stehen unserer Kundschaft von der ersten Idee, sei es ein Anbau, Umbau oder Neubau, ein Einfamilienhaus oder ein Gro\u00dfprojekt bis zur Schl\u00fcssel\u00fcbergabe kompetent zu Seite&#8220;.<\/p>\n<p>Text\/Foto: Architekturb\u00fcro be_plant<\/p>\n<p><a href=\"https:\/\/www.forum-soegel.de\/information\/wp-content\/uploads\/2017\/10\/Er\u00f6ffnung-des-neuen-B\u00fcros-gefeiert-2.jpg\"><img loading=\"lazy\" decoding=\"async\" class=\"alignnone size-medium wp-image-22717\" src=\"https:\/\/www.forum-soegel.de\/information\/wp-content\/uploads\/2017\/10\/Er\u00f6ffnung-des-neuen-B\u00fcros-gefeiert-2-300x199.jpg\" alt=\"\" width=\"300\" height=\"199\" srcset=\"https:\/\/www.forum-soegel.de\/information\/wp-content\/uploads\/2017\/10\/Er\u00f6ffnung-des-neuen-B\u00fcros-gefeiert-2-300x199.jpg 300w, https:\/\/www.forum-soegel.de\/information\/wp-content\/uploads\/2017\/10\/Er\u00f6ffnung-des-neuen-B\u00fcros-gefeiert-2-768x510.jpg 768w, https:\/\/www.forum-soegel.de\/information\/wp-content\/uploads\/2017\/10\/Er\u00f6ffnung-des-neuen-B\u00fcros-gefeiert-2.jpg 1024w\" sizes=\"auto, (max-width: 300px) 100vw, 300px\" \/><\/a><\/p>\n","protected":false},"excerpt":{"rendered":"Gro\u00df Ber\u00dfen &#8211; Nach langer Planung, kurzer Bauphase und reibungslosem Umzug war es endlich soweit: Dipl.Ing. (FH) Architekt Josef Beelmann er\u00f6ffnete am 01. Oktober\u00a0 2017 zusammen mit seinem kleinen Team, bestehend aus seiner Frau Anja, sowie seinem Bauleiter Johannes Ficker, ganz offiziell sein neues B\u00fcrogeb\u00e4ude in der Ringstra\u00dfe in Gro\u00df Ber\u00dfen. Untypisch f\u00fcr das Ortsbild, [&hellip;]\n","protected":false},"author":2,"featured_media":0,"comment_status":"closed","ping_status":"closed","sticky":false,"template":"","format":"standard","meta":{"ngg_post_thumbnail":0,"footnotes":""},"categories":[4],"tags":[],"class_list":["post-22715","post","type-post","status-publish","format-standard","hentry","category-aus-der-geschaftswelt"],"_links":{"self":[{"href":"https:\/\/www.forum-soegel.de\/information\/wp-json\/wp\/v2\/posts\/22715","targetHints":{"allow":["GET"]}}],"collection":[{"href":"https:\/\/www.forum-soegel.de\/information\/wp-json\/wp\/v2\/posts"}],"about":[{"href":"https:\/\/www.forum-soegel.de\/information\/wp-json\/wp\/v2\/types\/post"}],"author":[{"embeddable":true,"href":"https:\/\/www.forum-soegel.de\/information\/wp-json\/wp\/v2\/users\/2"}],"replies":[{"embeddable":true,"href":"https:\/\/www.forum-soegel.de\/information\/wp-json\/wp\/v2\/comments?post=22715"}],"version-history":[{"count":1,"href":"https:\/\/www.forum-soegel.de\/information\/wp-json\/wp\/v2\/posts\/22715\/revisions"}],"predecessor-version":[{"id":22718,"href":"https:\/\/www.forum-soegel.de\/information\/wp-json\/wp\/v2\/posts\/22715\/revisions\/22718"}],"wp:attachment":[{"href":"https:\/\/www.forum-soegel.de\/information\/wp-json\/wp\/v2\/media?parent=22715"}],"wp:term":[{"taxonomy":"category","embeddable":true,"href":"https:\/\/www.forum-soegel.de\/information\/wp-json\/wp\/v2\/categories?post=22715"},{"taxonomy":"post_tag","embeddable":true,"href":"https:\/\/www.forum-soegel.de\/information\/wp-json\/wp\/v2\/tags?post=22715"}],"curies":[{"name":"wp","href":"https:\/\/api.w.org\/{rel}","templated":true}]}}