{"id":22712,"date":"2017-11-01T00:43:49","date_gmt":"2017-10-31T23:43:49","guid":{"rendered":"https:\/\/www.forum-soegel.de\/information\/?p=22712"},"modified":"2017-10-31T16:45:25","modified_gmt":"2017-10-31T15:45:25","slug":"deeken-gruppe-feiert-20-jaehriges-jubilaeum","status":"publish","type":"post","link":"https:\/\/www.forum-soegel.de\/information\/2017\/11\/deeken-gruppe-feiert-20-jaehriges-jubilaeum\/","title":{"rendered":"Deeken-Gruppe feiert 20-j\u00e4hriges Jubil\u00e4um"},"content":{"rendered":"<p>S\u00f6gel &#8211; Seit 20 Jahren gibt es in S\u00f6gel den Familienbetrieb \u201eDeeken-Gruppe\u201c. Im Jahr 1997 er\u00f6ffnete die Familie Deeken in S\u00f6gel am Nordring ihre M\u00f6belwerkstatt. Hermann Deeken und seine Tochter Anja Deeken-Rickermann berichteten w\u00e4hrend der Jubil\u00e4umsfestveranstaltung \u00fcber den Werdegang der Firma, die nunmehr seit den letzten f\u00fcnf Jahren von Frank Rickermann und seiner Frau Anja-Deeken-Rickermann alleine gef\u00fchrt wird.<\/p>\n<p>Hermann Deeken erz\u00e4hlte in seinem Gru\u00dfwort, dass er im Jahr 1995 den Beschluss gefasst habe, nach seiner fast zwanzigj\u00e4hrigen T\u00e4tigkeit als leitender Angestellter bei der M\u00f6belfabrik Klose den Schritt in die Selbst\u00e4ndigkeit zu wagen. Zun\u00e4chst machte er sich als M\u00f6beldesigner selbstst\u00e4ndig. Seine Entw\u00fcrfe fanden eine gro\u00dfe Resonanz, so dass der Gedanke einer eigenen Tischlerei umgesetzt wurde. Diese Idee setzte er gemeinsam mit seiner Tochter Anja und deren Ehemann Frank Rickermann um, die beide daf\u00fcr ihren damaligen Beruf in S\u00fcddeutschland k\u00fcndigten und bereit waren, in der Heimat mit ihren Eltern ein Familienunternehmen aufzubauen. In der Folge absolvierte Frank Rickermann seine Ausbilddung zum Tischler, in einer sp\u00e4teren Weiterbildung wurde er Tischlermeister und Betriebswirt. Anja Deeken-Rickermann \u00fcbernahm indes den kaufm\u00e4nnischen Bereich.<\/p>\n<p>Im September 1997 wurde die Firma Deeken M\u00f6bel mit zun\u00e4chst ca. 1.000 qm Betriebsgr\u00f6\u00dfe am Nordring in S\u00f6gel er\u00f6ffnet. Stetiger Wachstum kennzeichnete die kommende Zeit, sagte Deeken. Die Firma konnte namhafte Kunden wie beispielsweise der M\u00f6belriese \u201eMusterring M\u00f6bel\u201c gewinnen. Der Mitarbeiterstamm und der Maschinenpark wuchsen und die Fa. Deeken war in der Lage Auftr\u00e4ge f\u00fcr den kompletten Innenausbau und Objekteinrichtungen anzunehmen. Ein besonderer Meilenstein der Firma war der entstandene Kontakt zur Meyer Werft. Bei der Einrichtung von mittlerweile 43 Schiffen ist die Fa. Deeken inzwischen beteiligt gewesen.<\/p>\n<p>Etwas sp\u00e4ter entschloss sich die Familie Deeken, ein eigenes M\u00f6belgesch\u00e4ft vor Ort zu errichten. Dieses wurde der Tischlerei vor 17 Jahren angegliedert. Seither geh\u00f6ren folgende Arbeiten zum Portfolio der Firma: Innenausbau f\u00fcr Kreuzfahrtschiffe, Seniorenpflegeheime und Arztpraxen, Planung und Konzeptionierung von Hoteleinrichtungen, M\u00f6bel und K\u00fcchen f\u00fcr den privaten Einrichtungsbereich.<\/p>\n<p>Inzwischen hat die Firma fast 60 Mitarbeiter besch\u00e4ftigt. Dazu z\u00e4hlen M\u00f6beltischlern, Holztechnikern, Ingenieure, Innenarchitekten, Sachbearbeitern und M\u00f6bel- und K\u00fcchenfachplanern besteht. Als Ausbildungsbetrieb hat das Unternehmen in den vergangenen Jahren 44 Tischlerinnen und\u00a0 Tischler ausgebildet.<\/p>\n<p>Deeken-Rickermann: \u201eWir blicken optimistisch in die Zukunft. Unsere Auftragsb\u00fccher sind bis zum Jahr 2020 fast voll.\u201c Als ebenso wichtig bezeichnet sie das gute Betriebsklima. Auszubildende werden gr\u00f6\u00dftenteils \u00fcbernommen und die Fluktuation sei sehr gering.<\/p>\n<p>Text\/Foto: Ingrid Cloppenburg<\/p>\n<div id=\"attachment_22713\" style=\"width: 235px\" class=\"wp-caption alignnone\"><a href=\"https:\/\/www.forum-soegel.de\/information\/wp-content\/uploads\/2017\/10\/Deeken-Gruppe-feiert-20-j\u00e4hriges-Jubil\u00e4um.jpg\"><img loading=\"lazy\" decoding=\"async\" aria-describedby=\"caption-attachment-22713\" class=\"size-medium wp-image-22713\" src=\"https:\/\/www.forum-soegel.de\/information\/wp-content\/uploads\/2017\/10\/Deeken-Gruppe-feiert-20-j\u00e4hriges-Jubil\u00e4um-225x300.jpg\" alt=\"\" width=\"225\" height=\"300\" srcset=\"https:\/\/www.forum-soegel.de\/information\/wp-content\/uploads\/2017\/10\/Deeken-Gruppe-feiert-20-j\u00e4hriges-Jubil\u00e4um-225x300.jpg 225w, https:\/\/www.forum-soegel.de\/information\/wp-content\/uploads\/2017\/10\/Deeken-Gruppe-feiert-20-j\u00e4hriges-Jubil\u00e4um.jpg 576w\" sizes=\"auto, (max-width: 225px) 100vw, 225px\" \/><\/a><p id=\"caption-attachment-22713\" class=\"wp-caption-text\">Leni und Hermann Deeken sowie Anja Deeken-Rickermann und Frank Rickermann blicken dankbar auf ihre 20-j\u00e4hrige Firmengeschichte zur\u00fcck haben einen optimistischen Blick in die Zukunft.<\/p><\/div>\n","protected":false},"excerpt":{"rendered":"S\u00f6gel &#8211; Seit 20 Jahren gibt es in S\u00f6gel den Familienbetrieb \u201eDeeken-Gruppe\u201c. Im Jahr 1997 er\u00f6ffnete die Familie Deeken in S\u00f6gel am Nordring ihre M\u00f6belwerkstatt. Hermann Deeken und seine Tochter Anja Deeken-Rickermann berichteten w\u00e4hrend der Jubil\u00e4umsfestveranstaltung \u00fcber den Werdegang der Firma, die nunmehr seit den letzten f\u00fcnf Jahren von Frank Rickermann und seiner Frau Anja-Deeken-Rickermann [&hellip;]\n","protected":false},"author":2,"featured_media":0,"comment_status":"closed","ping_status":"closed","sticky":false,"template":"","format":"standard","meta":{"ngg_post_thumbnail":0,"footnotes":""},"categories":[4],"tags":[],"class_list":["post-22712","post","type-post","status-publish","format-standard","hentry","category-aus-der-geschaftswelt"],"_links":{"self":[{"href":"https:\/\/www.forum-soegel.de\/information\/wp-json\/wp\/v2\/posts\/22712","targetHints":{"allow":["GET"]}}],"collection":[{"href":"https:\/\/www.forum-soegel.de\/information\/wp-json\/wp\/v2\/posts"}],"about":[{"href":"https:\/\/www.forum-soegel.de\/information\/wp-json\/wp\/v2\/types\/post"}],"author":[{"embeddable":true,"href":"https:\/\/www.forum-soegel.de\/information\/wp-json\/wp\/v2\/users\/2"}],"replies":[{"embeddable":true,"href":"https:\/\/www.forum-soegel.de\/information\/wp-json\/wp\/v2\/comments?post=22712"}],"version-history":[{"count":1,"href":"https:\/\/www.forum-soegel.de\/information\/wp-json\/wp\/v2\/posts\/22712\/revisions"}],"predecessor-version":[{"id":22714,"href":"https:\/\/www.forum-soegel.de\/information\/wp-json\/wp\/v2\/posts\/22712\/revisions\/22714"}],"wp:attachment":[{"href":"https:\/\/www.forum-soegel.de\/information\/wp-json\/wp\/v2\/media?parent=22712"}],"wp:term":[{"taxonomy":"category","embeddable":true,"href":"https:\/\/www.forum-soegel.de\/information\/wp-json\/wp\/v2\/categories?post=22712"},{"taxonomy":"post_tag","embeddable":true,"href":"https:\/\/www.forum-soegel.de\/information\/wp-json\/wp\/v2\/tags?post=22712"}],"curies":[{"name":"wp","href":"https:\/\/api.w.org\/{rel}","templated":true}]}}