{"id":22710,"date":"2017-11-01T00:42:01","date_gmt":"2017-10-31T23:42:01","guid":{"rendered":"https:\/\/www.forum-soegel.de\/information\/?p=22710"},"modified":"2017-11-05T12:46:16","modified_gmt":"2017-11-05T11:46:16","slug":"110-jahre-feders-city-friseur","status":"publish","type":"post","link":"https:\/\/www.forum-soegel.de\/information\/2017\/11\/110-jahre-feders-city-friseur\/","title":{"rendered":"110 Jahre Feders City Friseur"},"content":{"rendered":"<p><a href=\"https:\/\/www.forum-soegel.de\/information\/wp-content\/uploads\/2017\/11\/Feder.jpg\"><img loading=\"lazy\" decoding=\"async\" class=\"alignleft size-medium wp-image-22834\" src=\"https:\/\/www.forum-soegel.de\/information\/wp-content\/uploads\/2017\/11\/Feder-300x197.jpg\" alt=\"\" width=\"300\" height=\"197\" srcset=\"https:\/\/www.forum-soegel.de\/information\/wp-content\/uploads\/2017\/11\/Feder-300x197.jpg 300w, https:\/\/www.forum-soegel.de\/information\/wp-content\/uploads\/2017\/11\/Feder-768x504.jpg 768w, https:\/\/www.forum-soegel.de\/information\/wp-content\/uploads\/2017\/11\/Feder-1024x672.jpg 1024w, https:\/\/www.forum-soegel.de\/information\/wp-content\/uploads\/2017\/11\/Feder.jpg 1327w\" sizes=\"auto, (max-width: 300px) 100vw, 300px\" \/><\/a>S\u00f6gel &#8211; Am 21. November 1907, also bereits vor 110 Jahren, er\u00f6ffnete der Friseurmeister Gustav Feder in seinem Heimatort Rothenbach (Schlesien) ein Friseurgesch\u00e4ft. Nach dem Zweiten Weltkrieg wurde das Ehepaar Gustav und Auguste Feder im Jahr 1946 aus ihrer Heimat vertrieben und fl\u00fcchtete nach S\u00f6gel. Hier er\u00f6ffnete Feder dann im Folgejahr an der Sprakeler Stra\u00dfe unter notd\u00fcrftigen Verh\u00e4ltnissen einen Herrensalon. Der Raum diente tags\u00fcber als Friseurgesch\u00e4ft und nach Gesch\u00e4ftsschluss als Wohn- und Schlafst\u00e4tte. Ein weiteres Jahr sp\u00e4ter half dann der Pfarrer Georg Wolters dem Ehepaar Feder aus den beengten Verh\u00e4ltnissen und vermittelte ihnen ein Haus in der Amtsstra\u00dfe 10 in S\u00f6gel. Hier gab es nun mehr Platz, so dass der Friseursalon in einem eigenen Raum Platz fand.<\/p>\n<p>Nachdem 1949 Sohn Helmut aus russischer Kriegsgefangenschaft zur\u00fcckkam, wurde das Gesch\u00e4ft mit seiner Frau Charlotte um einen Damensalon erweitert und bis ins Jahr 1990 gemeinschaftlich gef\u00fchrt. Die Familientradition wurde von Tochter Evelyn und Schwiegersohn Norbert Kla\u00df sodann fortgef\u00fchrt und wird auch im Jahr 2017 nicht gebrochen. Denn seit dem 01. August ist die 4. Generation der Familie Feder durch Jaclyn dem Friseurhandwerk in S\u00f6gel treu.<\/p>\n<p>\u201eIn Zeiten, in denen Generationswechsel in Handwerksbetrieben l\u00e4ngst nicht mehr selbstverst\u00e4ndlich sind, geben 110 Jahre Friseur Feder Grund zur Freude. Aber wir gedenken in diesen Tagen auch Norbert, der am 01. September diesen Jahres, viel zu fr\u00fch verstarb. Er war mit Herz und Seele Friseur.\u201c, betont Evelyn Feder-Kla\u00df.<\/p>\n<p>Die Familie m\u00f6chte sich auf diesem Wege bei allen Gesch\u00e4ftsfreunden und den Kunden ganz herzlich f\u00fcr die stets gute Zusammenarbeit und das Vertrauen bedanken und freut sich auf viele weitere gute Jahre in S\u00f6gels Mitte \u201eAm Markt 11\u201c.<\/p>\n<p>Text\/Foto: SSt<\/p>\n","protected":false},"excerpt":{"rendered":"S\u00f6gel &#8211; Am 21. November 1907, also bereits vor 110 Jahren, er\u00f6ffnete der Friseurmeister Gustav Feder in seinem Heimatort Rothenbach (Schlesien) ein Friseurgesch\u00e4ft. Nach dem Zweiten Weltkrieg wurde das Ehepaar Gustav und Auguste Feder im Jahr 1946 aus ihrer Heimat vertrieben und fl\u00fcchtete nach S\u00f6gel. Hier er\u00f6ffnete Feder dann im Folgejahr an der Sprakeler Stra\u00dfe [&hellip;]\n","protected":false},"author":2,"featured_media":0,"comment_status":"closed","ping_status":"closed","sticky":false,"template":"","format":"standard","meta":{"ngg_post_thumbnail":0,"footnotes":""},"categories":[4],"tags":[],"class_list":["post-22710","post","type-post","status-publish","format-standard","hentry","category-aus-der-geschaftswelt"],"_links":{"self":[{"href":"https:\/\/www.forum-soegel.de\/information\/wp-json\/wp\/v2\/posts\/22710","targetHints":{"allow":["GET"]}}],"collection":[{"href":"https:\/\/www.forum-soegel.de\/information\/wp-json\/wp\/v2\/posts"}],"about":[{"href":"https:\/\/www.forum-soegel.de\/information\/wp-json\/wp\/v2\/types\/post"}],"author":[{"embeddable":true,"href":"https:\/\/www.forum-soegel.de\/information\/wp-json\/wp\/v2\/users\/2"}],"replies":[{"embeddable":true,"href":"https:\/\/www.forum-soegel.de\/information\/wp-json\/wp\/v2\/comments?post=22710"}],"version-history":[{"count":3,"href":"https:\/\/www.forum-soegel.de\/information\/wp-json\/wp\/v2\/posts\/22710\/revisions"}],"predecessor-version":[{"id":22836,"href":"https:\/\/www.forum-soegel.de\/information\/wp-json\/wp\/v2\/posts\/22710\/revisions\/22836"}],"wp:attachment":[{"href":"https:\/\/www.forum-soegel.de\/information\/wp-json\/wp\/v2\/media?parent=22710"}],"wp:term":[{"taxonomy":"category","embeddable":true,"href":"https:\/\/www.forum-soegel.de\/information\/wp-json\/wp\/v2\/categories?post=22710"},{"taxonomy":"post_tag","embeddable":true,"href":"https:\/\/www.forum-soegel.de\/information\/wp-json\/wp\/v2\/tags?post=22710"}],"curies":[{"name":"wp","href":"https:\/\/api.w.org\/{rel}","templated":true}]}}