{"id":22626,"date":"2017-11-01T00:47:08","date_gmt":"2017-10-31T23:47:08","guid":{"rendered":"https:\/\/www.forum-soegel.de\/information\/?p=22626"},"modified":"2017-10-31T15:49:23","modified_gmt":"2017-10-31T14:49:23","slug":"fairer-handel-sichert-existenz-der-mexikanischen-kaffeeproduzenten","status":"publish","type":"post","link":"https:\/\/www.forum-soegel.de\/information\/2017\/11\/fairer-handel-sichert-existenz-der-mexikanischen-kaffeeproduzenten\/","title":{"rendered":"\u201eFairer Handel sichert Existenz der mexikanischen Kaffeeproduzenten\u201c"},"content":{"rendered":"<p>S\u00f6gel &#8211; Die GEPA-Beraterin f\u00fcr Weltl\u00e4den und Aktionsgruppen, Petra Bald, berichtete auf Einladung des Weltladens S\u00f6gel im Marstall Clemenswerth \u00fcber eine Reise zu den Partnern nach Mexiko. Im Mittelpunkt des Bildvortrages stand die Frage, wie der Faire Handel in der Praxis funktioniert und mit welchen Schwierigkeiten die Kaffeeproduzenten zu k\u00e4mpfen haben.<\/p>\n<p>Sehr erfreut \u00fcber die gro\u00dfe Zahl der Zuh\u00f6rer zeigte sich zu Beginn die neue Vorsitzende des Weltladens S\u00f6gel, Martina Deters. Der Weltladen beziehe gro\u00dfe Teile seines Angebotes \u00fcber die GEPA (Gesellschaft zur F\u00f6rderung der Partnerschaft mit der Dritten Welt). Im Rahmen der Veranstaltung wurde das neue Handwerks-Sortiment f\u00fcr die Herbst- und Wintersaison 2017 pr\u00e4sentiert. Weiterhin konnten neue Lebensmittelangebote probiert werden.<\/p>\n<p>Giesela Bald machte deutlich, dass die Kaffeebauern unter immer schwierigeren Rahmenbedingungen produzieren m\u00fcssen. Neben der Verschlechterung der klimatischen Bedingungen in Mexico (mehr Regen und k\u00e4ltere Temperaturen) machten den Partner die schwankenden Weltmarktpreise zu schaffen. Markt-Spekulationen und auch die \u201eKaffeeschwemme zu Billigpreisen\u201c aus Vietnam wirkten sich zeitweise negativ auf die Ertrags- und die Absatzm\u00f6glichkeiten aus. Trotz der h\u00f6heren Fairtradepreise sinke das Einkommen der Kaffeebauern.<\/p>\n<p>Vor allem die Zusammenarbeit mit dem Fairen Handel und der starke Gemeinschaftssinn sichere den Bauern zurzeit das wirtschaftliche \u00dcberleben und damit ihre Existenz. Anhand von Beispielen und unterlegt mit umfangreichem Zahlenmaterial erkl\u00e4rte Gisela Bald die unterschiedlichen Marktbedingungen f\u00fcr die Kaffeeproduzenten.<\/p>\n<p>Die Produktion des Kaffees finde nicht in Plantagen statt, sondern auf garten\u00e4hnlichen nat\u00fcrlichen Feldern. Hier werde unter Verzicht auf chemische D\u00fcngemittel und Pestizide ausschlie\u00dflich Bio-Kaffee angebaut Die Besuchergruppe habe selber an der Ernte und der Weiterverarbeitung des Kaffees mitgewirkt und dabei erfahren, dass eine hohe k\u00f6rperliche Anstrengung erforderlich sei. Die GEPA habe Qualit\u00e4tsstandards f\u00fcr die Kaffeelieferung festgelegt. Derzeit finde das R\u00f6sten des Kaffees auch aus Gr\u00fcnden der Qualit\u00e4tssicherung in Deutschland statt. Langfristig sollte, so Bald, dieser Produktionsschritt beim Erzeuger stattfinden k\u00f6nnen.<\/p>\n<p>Neben den wirtschaftlichen Rahmenbedingungen gibt es nach Angaben der Referentin auch politische und gesellschaftliche Probleme, mit denen man sich vor Ort auseinsetzen m\u00fcsse. Zum einen seien die Produzenten \u201egefangen\u201c in einem Nationalpark, zu dem die Beh\u00f6rden das Produktionsgebiet erkl\u00e4rt h\u00e4tten. Die Obrigkeit sehe die Bauern als St\u00f6rfaktor an, obwohl sie auf nat\u00fcrlichem Weg umweltfreundlich produzierten und die Naturlandschaft nicht beeintr\u00e4chtigten. Zum anderen sei es nicht mehr so einfach, die Jugend f\u00fcr die Weiterf\u00fchrung der b\u00e4uerlichen Kaffeeproduktion zu begeistern, da es in der Stadt andere berufliche Optionen gebe.<\/p>\n<p>Text\/Foto: LB<\/p>\n<div id=\"attachment_22627\" style=\"width: 310px\" class=\"wp-caption alignnone\"><a href=\"https:\/\/www.forum-soegel.de\/information\/wp-content\/uploads\/2017\/10\/Fairer-Handel-sichert-Existenz-der-mexikanischen-Kaffeeproduzenten.jpg\"><img loading=\"lazy\" decoding=\"async\" aria-describedby=\"caption-attachment-22627\" class=\"size-medium wp-image-22627\" src=\"https:\/\/www.forum-soegel.de\/information\/wp-content\/uploads\/2017\/10\/Fairer-Handel-sichert-Existenz-der-mexikanischen-Kaffeeproduzenten-300x200.jpg\" alt=\"\" width=\"300\" height=\"200\" srcset=\"https:\/\/www.forum-soegel.de\/information\/wp-content\/uploads\/2017\/10\/Fairer-Handel-sichert-Existenz-der-mexikanischen-Kaffeeproduzenten-300x200.jpg 300w, https:\/\/www.forum-soegel.de\/information\/wp-content\/uploads\/2017\/10\/Fairer-Handel-sichert-Existenz-der-mexikanischen-Kaffeeproduzenten-768x512.jpg 768w, https:\/\/www.forum-soegel.de\/information\/wp-content\/uploads\/2017\/10\/Fairer-Handel-sichert-Existenz-der-mexikanischen-Kaffeeproduzenten.jpg 1024w\" sizes=\"auto, (max-width: 300px) 100vw, 300px\" \/><\/a><p id=\"caption-attachment-22627\" class=\"wp-caption-text\">Gisela Bald (Mitte) von der GEPA (Gesellschaft zur F\u00f6rderung der Partnerschaft mit der Dritten Welt), auf unserem Bild zusammen den Weltladenvorst\u00e4nden Martina Deters (links) und Claudia Grote, berichtet \u00fcber die Probleme der Kaffee-Produzenten in Mexico und pr\u00e4sentierte das neueste Angebot f\u00fcr Weltladenkunden.<\/p><\/div>\n","protected":false},"excerpt":{"rendered":"S\u00f6gel &#8211; Die GEPA-Beraterin f\u00fcr Weltl\u00e4den und Aktionsgruppen, Petra Bald, berichtete auf Einladung des Weltladens S\u00f6gel im Marstall Clemenswerth \u00fcber eine Reise zu den Partnern nach Mexiko. Im Mittelpunkt des Bildvortrages stand die Frage, wie der Faire Handel in der Praxis funktioniert und mit welchen Schwierigkeiten die Kaffeeproduzenten zu k\u00e4mpfen haben. Sehr erfreut \u00fcber die [&hellip;]\n","protected":false},"author":2,"featured_media":0,"comment_status":"closed","ping_status":"closed","sticky":false,"template":"","format":"standard","meta":{"ngg_post_thumbnail":0,"footnotes":""},"categories":[3],"tags":[],"class_list":["post-22626","post","type-post","status-publish","format-standard","hentry","category-aktuelles-aus-der-region"],"_links":{"self":[{"href":"https:\/\/www.forum-soegel.de\/information\/wp-json\/wp\/v2\/posts\/22626","targetHints":{"allow":["GET"]}}],"collection":[{"href":"https:\/\/www.forum-soegel.de\/information\/wp-json\/wp\/v2\/posts"}],"about":[{"href":"https:\/\/www.forum-soegel.de\/information\/wp-json\/wp\/v2\/types\/post"}],"author":[{"embeddable":true,"href":"https:\/\/www.forum-soegel.de\/information\/wp-json\/wp\/v2\/users\/2"}],"replies":[{"embeddable":true,"href":"https:\/\/www.forum-soegel.de\/information\/wp-json\/wp\/v2\/comments?post=22626"}],"version-history":[{"count":1,"href":"https:\/\/www.forum-soegel.de\/information\/wp-json\/wp\/v2\/posts\/22626\/revisions"}],"predecessor-version":[{"id":22628,"href":"https:\/\/www.forum-soegel.de\/information\/wp-json\/wp\/v2\/posts\/22626\/revisions\/22628"}],"wp:attachment":[{"href":"https:\/\/www.forum-soegel.de\/information\/wp-json\/wp\/v2\/media?parent=22626"}],"wp:term":[{"taxonomy":"category","embeddable":true,"href":"https:\/\/www.forum-soegel.de\/information\/wp-json\/wp\/v2\/categories?post=22626"},{"taxonomy":"post_tag","embeddable":true,"href":"https:\/\/www.forum-soegel.de\/information\/wp-json\/wp\/v2\/tags?post=22626"}],"curies":[{"name":"wp","href":"https:\/\/api.w.org\/{rel}","templated":true}]}}