{"id":22623,"date":"2017-11-01T00:45:09","date_gmt":"2017-10-31T23:45:09","guid":{"rendered":"https:\/\/www.forum-soegel.de\/information\/?p=22623"},"modified":"2017-10-31T15:47:05","modified_gmt":"2017-10-31T14:47:05","slug":"drk-tagespflege-feierte-tag-der-offenen-tuer","status":"publish","type":"post","link":"https:\/\/www.forum-soegel.de\/information\/2017\/11\/drk-tagespflege-feierte-tag-der-offenen-tuer\/","title":{"rendered":"DRK-Tagespflege feierte Tag der offenen T\u00fcr"},"content":{"rendered":"<p>S\u00f6gel &#8211; Beim Tag der offenen T\u00fcr in der DRK-Tagespflege in S\u00f6gel konnte nicht nur die neue Einrichtung besichtigt werden: neben Kaffee und selbstgebackenem Kuchen fand ein Gewinnspiel statt, das im Anschluss ausgewertet wurde. Die Besucher waren aufgerufen, sich Namen f\u00fcr das Kunstfigurenpaar vor der Eingangst\u00fcr auszudenken. Der Gewinnervorschlag: Heini und Hedwig \u2013 so hie\u00dfen die Vorbesitzer des Grundst\u00fccks, auf dem die Tagespflege errichtet wurde.<\/p>\n<p>Schon rund eine Stunde vor offizieller \u00d6ffnung waren die ersten G\u00e4ste vor Ort: \u201eNachher wird es so voll! So k\u00f6nnen wir uns in Ruhe umschauen.\u201c Und sie behielten recht, denn ab 15 Uhr platzte die Einrichtung aus allen N\u00e4hten. Zahlreiche Menschen waren aus der Umgebung gekommen, um sich die R\u00e4umlichkeiten anzuschauen und von dem frischen Kuchen zu kosten, den Hauswirtschafterin Conny Bley-H\u00fcntelmann zuvor gebacken hatte.<\/p>\n<p>Am Dienstag, zwei Tage nach dem turbulenten Tag, empfing Hausleitung Dagmar H\u00f6velmann die Erst- und Zweitplatzierten des veranstalteten Gewinnspiels: \u201eWir hatten rund 250 Besucher am Tag der offenen T\u00fcr \u2013 mit so viel Resonanz haben wir gar nicht gerechnet! Darum freut es uns umso mehr, etwas zur\u00fcckgeben zu k\u00f6nnen.\u201c Der Namensvorschlag, der am h\u00e4ufigsten genannt wurde, war \u201eHeini und Hedwig\u201c. Insgesamt 14 von den 119 Stimmzetteln, die am Sonntag abgegeben wurden, enthielten diese Kombination. Das Los entschied dann, dass Clemens Staggenborg den 100 Euro S\u00f6gel-Gutschein gewann. Gewinner des Gutscheins \u00fcber 50 Euro ist Hans M\u00f6hlenkamp. Die zweitmeisten Stimmen erhielten \u201eJan und Grete\u201c, die von 12 weiteren Teilnehmern favorisiert wurden und so nur knapp unterlagen.<\/p>\n<p>Insgesamt k\u00f6nnen t\u00e4glich bis zu 16 Tagespflegeg\u00e4ste von 8.00 bis 16.30 Uhr in der neuen Einrichtung betreut werden. Dazu geh\u00f6ren auch ein Fahrdienst sowie Fr\u00fchst\u00fcck, Mittagessen und ein abwechslungsreiches Programm. Die DRK-Tagespflege in S\u00f6gel steht Interessierten f\u00fcr Fragen und Beratungen unter der Telefonnummer 05952-423980 zur Verf\u00fcgung. Franz St\u00fcwe, Fachbereichsleiter der Pflege im DRK-Kreisverband Emsland, freut sich zudem, dass die Einrichtung von der Gl\u00fccksSpirale gef\u00f6rdert wird.<\/p>\n<p>Text\/Foto: Mascha Abeln<\/p>\n<div id=\"attachment_22624\" style=\"width: 310px\" class=\"wp-caption alignnone\"><a href=\"https:\/\/www.forum-soegel.de\/information\/wp-content\/uploads\/2017\/10\/DRK-Tagespflege-feierte-Tag-der-offenen-T\u00fcr.jpg\"><img loading=\"lazy\" decoding=\"async\" aria-describedby=\"caption-attachment-22624\" class=\"size-medium wp-image-22624\" src=\"https:\/\/www.forum-soegel.de\/information\/wp-content\/uploads\/2017\/10\/DRK-Tagespflege-feierte-Tag-der-offenen-T\u00fcr-300x200.jpg\" alt=\"\" width=\"300\" height=\"200\" srcset=\"https:\/\/www.forum-soegel.de\/information\/wp-content\/uploads\/2017\/10\/DRK-Tagespflege-feierte-Tag-der-offenen-T\u00fcr-300x200.jpg 300w, https:\/\/www.forum-soegel.de\/information\/wp-content\/uploads\/2017\/10\/DRK-Tagespflege-feierte-Tag-der-offenen-T\u00fcr-768x512.jpg 768w, https:\/\/www.forum-soegel.de\/information\/wp-content\/uploads\/2017\/10\/DRK-Tagespflege-feierte-Tag-der-offenen-T\u00fcr.jpg 1024w\" sizes=\"auto, (max-width: 300px) 100vw, 300px\" \/><\/a><p id=\"caption-attachment-22624\" class=\"wp-caption-text\">\u00dcber die nun nicht mehr namenlosen \u201eHeini und Hedwig\u201c freuen sich Namensgeber Clemens Staggenborg und der Zweitplatzierte Hans M\u00f6hlenkamp gemeinsam mit Hausleitung Dagmar H\u00f6velmann.<\/p><\/div>\n<p><em>\u00a0<\/em><\/p>\n","protected":false},"excerpt":{"rendered":"S\u00f6gel &#8211; Beim Tag der offenen T\u00fcr in der DRK-Tagespflege in S\u00f6gel konnte nicht nur die neue Einrichtung besichtigt werden: neben Kaffee und selbstgebackenem Kuchen fand ein Gewinnspiel statt, das im Anschluss ausgewertet wurde. Die Besucher waren aufgerufen, sich Namen f\u00fcr das Kunstfigurenpaar vor der Eingangst\u00fcr auszudenken. Der Gewinnervorschlag: Heini und Hedwig \u2013 so hie\u00dfen [&hellip;]\n","protected":false},"author":2,"featured_media":0,"comment_status":"closed","ping_status":"closed","sticky":false,"template":"","format":"standard","meta":{"ngg_post_thumbnail":0,"footnotes":""},"categories":[3],"tags":[],"class_list":["post-22623","post","type-post","status-publish","format-standard","hentry","category-aktuelles-aus-der-region"],"_links":{"self":[{"href":"https:\/\/www.forum-soegel.de\/information\/wp-json\/wp\/v2\/posts\/22623","targetHints":{"allow":["GET"]}}],"collection":[{"href":"https:\/\/www.forum-soegel.de\/information\/wp-json\/wp\/v2\/posts"}],"about":[{"href":"https:\/\/www.forum-soegel.de\/information\/wp-json\/wp\/v2\/types\/post"}],"author":[{"embeddable":true,"href":"https:\/\/www.forum-soegel.de\/information\/wp-json\/wp\/v2\/users\/2"}],"replies":[{"embeddable":true,"href":"https:\/\/www.forum-soegel.de\/information\/wp-json\/wp\/v2\/comments?post=22623"}],"version-history":[{"count":1,"href":"https:\/\/www.forum-soegel.de\/information\/wp-json\/wp\/v2\/posts\/22623\/revisions"}],"predecessor-version":[{"id":22625,"href":"https:\/\/www.forum-soegel.de\/information\/wp-json\/wp\/v2\/posts\/22623\/revisions\/22625"}],"wp:attachment":[{"href":"https:\/\/www.forum-soegel.de\/information\/wp-json\/wp\/v2\/media?parent=22623"}],"wp:term":[{"taxonomy":"category","embeddable":true,"href":"https:\/\/www.forum-soegel.de\/information\/wp-json\/wp\/v2\/categories?post=22623"},{"taxonomy":"post_tag","embeddable":true,"href":"https:\/\/www.forum-soegel.de\/information\/wp-json\/wp\/v2\/tags?post=22623"}],"curies":[{"name":"wp","href":"https:\/\/api.w.org\/{rel}","templated":true}]}}