{"id":22597,"date":"2017-10-01T20:08:37","date_gmt":"2017-10-01T18:08:37","guid":{"rendered":"https:\/\/www.forum-soegel.de\/information\/?p=22597"},"modified":"2017-10-01T20:08:37","modified_gmt":"2017-10-01T18:08:37","slug":"das-bilderbuchtheater-figurentheater","status":"publish","type":"post","link":"https:\/\/www.forum-soegel.de\/information\/2017\/10\/das-bilderbuchtheater-figurentheater\/","title":{"rendered":"DAS BILDERBUCHTHEATER Figurentheater"},"content":{"rendered":"<p><strong>Mascha und der B\u00e4r<\/strong><br \/>\n<a href=\"https:\/\/www.forum-soegel.de\/information\/wp-content\/uploads\/2017\/10\/Pressefoto-Mascha-BBT-5.jpg\"><img loading=\"lazy\" decoding=\"async\" class=\"alignleft size-medium wp-image-22598\" src=\"https:\/\/www.forum-soegel.de\/information\/wp-content\/uploads\/2017\/10\/Pressefoto-Mascha-BBT-5-300x225.jpg\" alt=\"\" width=\"300\" height=\"225\" srcset=\"https:\/\/www.forum-soegel.de\/information\/wp-content\/uploads\/2017\/10\/Pressefoto-Mascha-BBT-5-300x225.jpg 300w, https:\/\/www.forum-soegel.de\/information\/wp-content\/uploads\/2017\/10\/Pressefoto-Mascha-BBT-5-768x576.jpg 768w, https:\/\/www.forum-soegel.de\/information\/wp-content\/uploads\/2017\/10\/Pressefoto-Mascha-BBT-5.jpg 1024w\" sizes=\"auto, (max-width: 300px) 100vw, 300px\" \/><\/a>In einer liebevollen Inszenierung zeigt DAS BILDERBUCHTHEATER diese f\u00fcr<br \/>\nKinder sehr lehrreiche Geschichte, die auf einem alten russischen M\u00e4rchen<br \/>\nbasiert.<br \/>\nDie kleine Mascha lebt mit ihrem Freund, dem B\u00e4r im Wald. An einem<br \/>\nwundersch\u00f6nen Tag hat der B\u00e4r Geburtstag. Klar, dass Mascha ihm f\u00fcr diesen Tag<br \/>\neine Geburtstagstorte backen m\u00f6chte. Doch wie immer ist Mascha ziemlich<br \/>\nzerstreut und bringt in ihrer etwas chaotischen Arbeitsweise einiges<br \/>\ndurcheinander. Zuerst vergisst sie mal die Eier, bevor ihr ein weiteres<br \/>\nMissgeschick passiert: Versehentlich nimmt sie noch das Ei einer Henne, aus dem<br \/>\nbald ein kleines K\u00fcken schl\u00fcpfen soll, wobei es der nerv\u00f6s wartende Hahn und<br \/>\nseine Henne kaum erwarten k\u00f6nnen, endlich Eltern zu werden.<br \/>\nAber nicht nur die H\u00fchner sind \u00fcber Maschas Verhalten entsetzt, auch dem gierig<br \/>\numherschleichenden Fuchs passt es gar nicht, dass Mascha alle Eier zum backen<br \/>\nverbraucht. Aber hinterlistig, wie er nun mal ist, hat er schon l\u00e4ngst einen Plan.<br \/>\nIn diesem ganzen Durcheinander verschlingt nun auch noch das gefr\u00e4\u00dfige<br \/>\nHausschwein die Geburtstagstorte f\u00fcr den B\u00e4r.<br \/>\nWird es Mascha gelingen, noch schnell eine neue Torte zu backen und was hat<br \/>\neigentlich der Fuchs vor ?<br \/>\nDas St\u00fcck ist geeignet f\u00fcr Kinder ab 3 Jahren und dauert ca. 50 Minuten.<br \/>\nFoto: Christian Sperlich (Veranstalter)<br \/>\nGastspieldaten:<br \/>\nS\u00d6GEL<br \/>\nHeimathaus<br \/>\nJohann-Bernhard-Hensen-Weg<br \/>\n<strong>Freitag, 27. Oktober 2017<\/strong><br \/>\n<strong>16.00 Uhr<\/strong><br \/>\nKarten nur an der Tageskasse (30 Min. vor Beginn)<br \/>\nEintritt: \u20ac 8,- (erm\u00e4\u00dfigt \u20ac 7,-)<\/p>\n<p><a href=\"https:\/\/www.forum-soegel.de\/information\/wp-content\/uploads\/2017\/10\/Pressefoto-Mascha-BBT-14-1.jpg\"><img loading=\"lazy\" decoding=\"async\" class=\"alignleft size-medium wp-image-22599\" src=\"https:\/\/www.forum-soegel.de\/information\/wp-content\/uploads\/2017\/10\/Pressefoto-Mascha-BBT-14-1-300x225.jpg\" alt=\"\" width=\"300\" height=\"225\" srcset=\"https:\/\/www.forum-soegel.de\/information\/wp-content\/uploads\/2017\/10\/Pressefoto-Mascha-BBT-14-1-300x225.jpg 300w, https:\/\/www.forum-soegel.de\/information\/wp-content\/uploads\/2017\/10\/Pressefoto-Mascha-BBT-14-1-768x576.jpg 768w, https:\/\/www.forum-soegel.de\/information\/wp-content\/uploads\/2017\/10\/Pressefoto-Mascha-BBT-14-1.jpg 1024w\" sizes=\"auto, (max-width: 300px) 100vw, 300px\" \/><\/a><\/p>\n","protected":false},"excerpt":{"rendered":"Mascha und der B\u00e4r In einer liebevollen Inszenierung zeigt DAS BILDERBUCHTHEATER diese f\u00fcr Kinder sehr lehrreiche Geschichte, die auf einem alten russischen M\u00e4rchen basiert. Die kleine Mascha lebt mit ihrem Freund, dem B\u00e4r im Wald. An einem wundersch\u00f6nen Tag hat der B\u00e4r Geburtstag. Klar, dass Mascha ihm f\u00fcr diesen Tag eine Geburtstagstorte backen m\u00f6chte. Doch [&hellip;]\n","protected":false},"author":2,"featured_media":0,"comment_status":"closed","ping_status":"closed","sticky":false,"template":"","format":"standard","meta":{"ngg_post_thumbnail":0,"footnotes":""},"categories":[3],"tags":[],"class_list":["post-22597","post","type-post","status-publish","format-standard","hentry","category-aktuelles-aus-der-region"],"_links":{"self":[{"href":"https:\/\/www.forum-soegel.de\/information\/wp-json\/wp\/v2\/posts\/22597","targetHints":{"allow":["GET"]}}],"collection":[{"href":"https:\/\/www.forum-soegel.de\/information\/wp-json\/wp\/v2\/posts"}],"about":[{"href":"https:\/\/www.forum-soegel.de\/information\/wp-json\/wp\/v2\/types\/post"}],"author":[{"embeddable":true,"href":"https:\/\/www.forum-soegel.de\/information\/wp-json\/wp\/v2\/users\/2"}],"replies":[{"embeddable":true,"href":"https:\/\/www.forum-soegel.de\/information\/wp-json\/wp\/v2\/comments?post=22597"}],"version-history":[{"count":1,"href":"https:\/\/www.forum-soegel.de\/information\/wp-json\/wp\/v2\/posts\/22597\/revisions"}],"predecessor-version":[{"id":22600,"href":"https:\/\/www.forum-soegel.de\/information\/wp-json\/wp\/v2\/posts\/22597\/revisions\/22600"}],"wp:attachment":[{"href":"https:\/\/www.forum-soegel.de\/information\/wp-json\/wp\/v2\/media?parent=22597"}],"wp:term":[{"taxonomy":"category","embeddable":true,"href":"https:\/\/www.forum-soegel.de\/information\/wp-json\/wp\/v2\/categories?post=22597"},{"taxonomy":"post_tag","embeddable":true,"href":"https:\/\/www.forum-soegel.de\/information\/wp-json\/wp\/v2\/tags?post=22597"}],"curies":[{"name":"wp","href":"https:\/\/api.w.org\/{rel}","templated":true}]}}