{"id":22579,"date":"2017-10-01T19:54:43","date_gmt":"2017-10-01T17:54:43","guid":{"rendered":"https:\/\/www.forum-soegel.de\/information\/?p=22579"},"modified":"2017-10-01T19:54:43","modified_gmt":"2017-10-01T17:54:43","slug":"wallhecke-zerstoert-strafanzeige-gestellt","status":"publish","type":"post","link":"https:\/\/www.forum-soegel.de\/information\/2017\/10\/wallhecke-zerstoert-strafanzeige-gestellt\/","title":{"rendered":"Wallhecke zerst\u00f6rt: Strafanzeige gestellt"},"content":{"rendered":"<p>S\u00f6gel &#8211; Die Gemeinde S\u00f6gel hat zum dritten Mal Strafanzeige wegen illegaler Beseitigung von Wegeseitenr\u00e4umen gestellt. Aktuell hatte ein Landwirt eine mit B\u00e4umen und B\u00fcschen bewachsene Wallhecke auf einem Flurst\u00fcck der Gemeinde ohne Erlaubnis beseitigt. In S\u00f6gel werden seit vier Jahren Bl\u00fchstreifen, Str\u00e4ucher und im Einzelfall auch B\u00e4ume entlang von Wirtschaftswegen gepflanzt. Auf Beschluss des Verwaltungsausschusses wird die illegale Beseitigung dieser Naturr\u00e4ume in jedem Fall mit einer Strafanzeige geahndet. Au\u00dferdem l\u00e4sst die Gemeinde von einem externen Gutachter den Schaden und die Wiederherstellung beziffern. F\u00fcr beides einschlie\u00dflich der Gutachterkosten muss der Verursacher gerade stehen. Im aktuellen Fall war ein Landwirt verpflichtet worden eine h\u00f6here vierstellige Summe an die Gemeinde \u00fcberwiesen, das Strafverfahren l\u00e4uft noch. \u201eBeim Wegeseitenraumprogramm klappt die Zusammenarbeit mit der Landwirtschaft eigentlich sehr gut\u201c, so eine Gemeindesprecherin. Den wenigen schwarzen Schafen m\u00fcsse \u201e\u00fcber den Umweg des Geldbeutels aufgezeigt werden, dass Kompensationsfl\u00e4chen unangetastet bleiben m\u00fcssen.\u201c<\/p>\n<p>Text: Ingrid Cloppenburg<\/p>\n<p>&nbsp;<\/p>\n<p>&nbsp;<\/p>\n","protected":false},"excerpt":{"rendered":"S\u00f6gel &#8211; Die Gemeinde S\u00f6gel hat zum dritten Mal Strafanzeige wegen illegaler Beseitigung von Wegeseitenr\u00e4umen gestellt. Aktuell hatte ein Landwirt eine mit B\u00e4umen und B\u00fcschen bewachsene Wallhecke auf einem Flurst\u00fcck der Gemeinde ohne Erlaubnis beseitigt. In S\u00f6gel werden seit vier Jahren Bl\u00fchstreifen, Str\u00e4ucher und im Einzelfall auch B\u00e4ume entlang von Wirtschaftswegen gepflanzt. Auf Beschluss des [&hellip;]\n","protected":false},"author":2,"featured_media":0,"comment_status":"closed","ping_status":"closed","sticky":false,"template":"","format":"standard","meta":{"ngg_post_thumbnail":0,"footnotes":""},"categories":[10],"tags":[],"class_list":["post-22579","post","type-post","status-publish","format-standard","hentry","category-rat-und-verwaltung-informieren"],"_links":{"self":[{"href":"https:\/\/www.forum-soegel.de\/information\/wp-json\/wp\/v2\/posts\/22579","targetHints":{"allow":["GET"]}}],"collection":[{"href":"https:\/\/www.forum-soegel.de\/information\/wp-json\/wp\/v2\/posts"}],"about":[{"href":"https:\/\/www.forum-soegel.de\/information\/wp-json\/wp\/v2\/types\/post"}],"author":[{"embeddable":true,"href":"https:\/\/www.forum-soegel.de\/information\/wp-json\/wp\/v2\/users\/2"}],"replies":[{"embeddable":true,"href":"https:\/\/www.forum-soegel.de\/information\/wp-json\/wp\/v2\/comments?post=22579"}],"version-history":[{"count":1,"href":"https:\/\/www.forum-soegel.de\/information\/wp-json\/wp\/v2\/posts\/22579\/revisions"}],"predecessor-version":[{"id":22580,"href":"https:\/\/www.forum-soegel.de\/information\/wp-json\/wp\/v2\/posts\/22579\/revisions\/22580"}],"wp:attachment":[{"href":"https:\/\/www.forum-soegel.de\/information\/wp-json\/wp\/v2\/media?parent=22579"}],"wp:term":[{"taxonomy":"category","embeddable":true,"href":"https:\/\/www.forum-soegel.de\/information\/wp-json\/wp\/v2\/categories?post=22579"},{"taxonomy":"post_tag","embeddable":true,"href":"https:\/\/www.forum-soegel.de\/information\/wp-json\/wp\/v2\/tags?post=22579"}],"curies":[{"name":"wp","href":"https:\/\/api.w.org\/{rel}","templated":true}]}}