{"id":22577,"date":"2017-10-01T19:53:40","date_gmt":"2017-10-01T17:53:40","guid":{"rendered":"https:\/\/www.forum-soegel.de\/information\/?p=22577"},"modified":"2017-10-01T19:53:40","modified_gmt":"2017-10-01T17:53:40","slug":"begrenzung-der-geschwindigkeit-am-schulzentrum-in-soegel","status":"publish","type":"post","link":"https:\/\/www.forum-soegel.de\/information\/2017\/10\/begrenzung-der-geschwindigkeit-am-schulzentrum-in-soegel\/","title":{"rendered":"Begrenzung der Geschwindigkeit am Schulzentrum in S\u00f6gel"},"content":{"rendered":"<p>S\u00f6gel &#8211; Auf der Schlossallee in S\u00f6gel muss k\u00fcnftig werktags langsamer gefahren werden. Der Rat der Gemeinde S\u00f6gel hat sich daf\u00fcr ausgesprochen, die Geschwindigkeit auf dieser stark frequentierten Hauptstra\u00dfe in H\u00f6he des Schulzentrums zu drosseln. Ab sofort gilt hier von montags bis freitags in der Zeit von 7 bis 16 Uhr die Geschwindigkeitsbegrenzung von 30 km\/h. \u201eDamit tragen wir dem Wunsch der Schulleitungen der sich im Schulzentrum befindlichen Schulen Rechnung und gew\u00e4hren den Sch\u00fclerinnen und Sch\u00fclern dieser Schulen einen sicheren Schulweg\u201c, sagen B\u00fcrgermeisterin Irmgard Welling und Gemeindedirektor G\u00fcnter Wigbers in einer Stellungnahme.<\/p>\n<p>Text: Samtgemeinde S\u00f6gel<\/p>\n","protected":false},"excerpt":{"rendered":"S\u00f6gel &#8211; Auf der Schlossallee in S\u00f6gel muss k\u00fcnftig werktags langsamer gefahren werden. Der Rat der Gemeinde S\u00f6gel hat sich daf\u00fcr ausgesprochen, die Geschwindigkeit auf dieser stark frequentierten Hauptstra\u00dfe in H\u00f6he des Schulzentrums zu drosseln. Ab sofort gilt hier von montags bis freitags in der Zeit von 7 bis 16 Uhr die Geschwindigkeitsbegrenzung von 30 [&hellip;]\n","protected":false},"author":2,"featured_media":0,"comment_status":"closed","ping_status":"closed","sticky":false,"template":"","format":"standard","meta":{"ngg_post_thumbnail":0,"footnotes":""},"categories":[10],"tags":[],"class_list":["post-22577","post","type-post","status-publish","format-standard","hentry","category-rat-und-verwaltung-informieren"],"_links":{"self":[{"href":"https:\/\/www.forum-soegel.de\/information\/wp-json\/wp\/v2\/posts\/22577","targetHints":{"allow":["GET"]}}],"collection":[{"href":"https:\/\/www.forum-soegel.de\/information\/wp-json\/wp\/v2\/posts"}],"about":[{"href":"https:\/\/www.forum-soegel.de\/information\/wp-json\/wp\/v2\/types\/post"}],"author":[{"embeddable":true,"href":"https:\/\/www.forum-soegel.de\/information\/wp-json\/wp\/v2\/users\/2"}],"replies":[{"embeddable":true,"href":"https:\/\/www.forum-soegel.de\/information\/wp-json\/wp\/v2\/comments?post=22577"}],"version-history":[{"count":1,"href":"https:\/\/www.forum-soegel.de\/information\/wp-json\/wp\/v2\/posts\/22577\/revisions"}],"predecessor-version":[{"id":22578,"href":"https:\/\/www.forum-soegel.de\/information\/wp-json\/wp\/v2\/posts\/22577\/revisions\/22578"}],"wp:attachment":[{"href":"https:\/\/www.forum-soegel.de\/information\/wp-json\/wp\/v2\/media?parent=22577"}],"wp:term":[{"taxonomy":"category","embeddable":true,"href":"https:\/\/www.forum-soegel.de\/information\/wp-json\/wp\/v2\/categories?post=22577"},{"taxonomy":"post_tag","embeddable":true,"href":"https:\/\/www.forum-soegel.de\/information\/wp-json\/wp\/v2\/tags?post=22577"}],"curies":[{"name":"wp","href":"https:\/\/api.w.org\/{rel}","templated":true}]}}