{"id":22547,"date":"2017-10-01T19:36:02","date_gmt":"2017-10-01T17:36:02","guid":{"rendered":"https:\/\/www.forum-soegel.de\/information\/?p=22547"},"modified":"2017-10-01T19:36:02","modified_gmt":"2017-10-01T17:36:02","slug":"bewerbungstraining-an-der-oberschule-soegel","status":"publish","type":"post","link":"https:\/\/www.forum-soegel.de\/information\/2017\/10\/bewerbungstraining-an-der-oberschule-soegel\/","title":{"rendered":"Bewerbungstraining an der Oberschule S\u00f6gel"},"content":{"rendered":"<p>S\u00f6gel &#8211; Auch in diesem Jahr wurde in den Klassen 10 wieder ein Bewerbungstraining\u00a0 durchgef\u00fchrt.\u00a0 Unter kompetenter Leitung von Frau Kamphues von der AOK Gesundheitskasse Niedersachsen und Herrn Kremer\u00a0 von der Firma Nordland-Papier in D\u00f6rpen setzten sich die Sch\u00fcler\/innen in der vierst\u00fcndigen Schulung \u00a0pro Klasse zun\u00e4chst mit dem allgemeinen Bewerbungsverfahren auseinander. Dabei wurden Fragen wie: \u201aWas geh\u00f6rt in eine schriftliche Bewerbung? Wie muss ein Bewerbungsschreiben aussehen?<\/p>\n<p>Wie verhalte ich mich bei einem Vorstellungsgespr\u00e4ch oder am Telefon?\u2018 \u00a0bearbeitet. \u00a0Gemeinsam mit Frau Kamphues und Herrn Kremer erstellten die Sch\u00fcler\/Innen eine Bewerbungsmappe. Zudem \u00a0\u00a0wurde \u00a0ein Bewerbungsgespr\u00e4ch mit dem Ziel trainiert, \u201edas Selbstwertgef\u00fchl der Sch\u00fcler und Sch\u00fclerinnen\u00a0 zu st\u00e4rken\u201c, so Kamphues. \u00a0Herr Kremer machte den Sch\u00fclern au\u00dferdem \u00a0klar: \u201eUm den richtigen Job zu bekommen, reicht die Qualifikation allein nicht aus. Man muss ein Unternehmen auch von sich \u00fcberzeugen k\u00f6nnen, und da hilft vor allem eine professionelle Bewerbung. Ebenfalls muss der pers\u00f6nliche Auftritt passen.\u201c \u00a0Die Sch\u00fcler wurden auch auf die\u00a0 Bedeutung der eingetragenen Fehltage bzw. unentschuldigten Fehltage auf den Zeugnissen \u00a0f\u00fcr die\u00a0 Bewerbung \u00a0hingewiesen. Fachkonferenzleiter f\u00fcr Arbeit, Wirtschaft und Technik, Uwe Hoormann,\u00a0 sieht das Bewerbungstraining als wichtigen Baustein im Berufsvorbereitungskonzept der Oberschule S\u00f6gel und in ihm eine hilfreiche und informative St\u00fctze bei der Bewerbung.<\/p>\n<p>Text\/Foto: Gisela \u00a0Arling<\/p>\n<p><a href=\"https:\/\/www.forum-soegel.de\/information\/wp-content\/uploads\/2017\/10\/Bewerbungstraining-an-der-Oberschule-S\u00f6gel.jpg\"><img loading=\"lazy\" decoding=\"async\" class=\"alignnone size-medium wp-image-22548\" src=\"https:\/\/www.forum-soegel.de\/information\/wp-content\/uploads\/2017\/10\/Bewerbungstraining-an-der-Oberschule-S\u00f6gel-300x192.jpg\" alt=\"\" width=\"300\" height=\"192\" srcset=\"https:\/\/www.forum-soegel.de\/information\/wp-content\/uploads\/2017\/10\/Bewerbungstraining-an-der-Oberschule-S\u00f6gel-300x192.jpg 300w, https:\/\/www.forum-soegel.de\/information\/wp-content\/uploads\/2017\/10\/Bewerbungstraining-an-der-Oberschule-S\u00f6gel-768x492.jpg 768w, https:\/\/www.forum-soegel.de\/information\/wp-content\/uploads\/2017\/10\/Bewerbungstraining-an-der-Oberschule-S\u00f6gel.jpg 1024w\" sizes=\"auto, (max-width: 300px) 100vw, 300px\" \/><\/a><\/p>\n","protected":false},"excerpt":{"rendered":"S\u00f6gel &#8211; Auch in diesem Jahr wurde in den Klassen 10 wieder ein Bewerbungstraining\u00a0 durchgef\u00fchrt.\u00a0 Unter kompetenter Leitung von Frau Kamphues von der AOK Gesundheitskasse Niedersachsen und Herrn Kremer\u00a0 von der Firma Nordland-Papier in D\u00f6rpen setzten sich die Sch\u00fcler\/innen in der vierst\u00fcndigen Schulung \u00a0pro Klasse zun\u00e4chst mit dem allgemeinen Bewerbungsverfahren auseinander. Dabei wurden Fragen wie: [&hellip;]\n","protected":false},"author":2,"featured_media":0,"comment_status":"closed","ping_status":"closed","sticky":false,"template":"","format":"standard","meta":{"ngg_post_thumbnail":0,"footnotes":""},"categories":[6],"tags":[],"class_list":["post-22547","post","type-post","status-publish","format-standard","hentry","category-aus-der-schule-geplaudert"],"_links":{"self":[{"href":"https:\/\/www.forum-soegel.de\/information\/wp-json\/wp\/v2\/posts\/22547","targetHints":{"allow":["GET"]}}],"collection":[{"href":"https:\/\/www.forum-soegel.de\/information\/wp-json\/wp\/v2\/posts"}],"about":[{"href":"https:\/\/www.forum-soegel.de\/information\/wp-json\/wp\/v2\/types\/post"}],"author":[{"embeddable":true,"href":"https:\/\/www.forum-soegel.de\/information\/wp-json\/wp\/v2\/users\/2"}],"replies":[{"embeddable":true,"href":"https:\/\/www.forum-soegel.de\/information\/wp-json\/wp\/v2\/comments?post=22547"}],"version-history":[{"count":1,"href":"https:\/\/www.forum-soegel.de\/information\/wp-json\/wp\/v2\/posts\/22547\/revisions"}],"predecessor-version":[{"id":22549,"href":"https:\/\/www.forum-soegel.de\/information\/wp-json\/wp\/v2\/posts\/22547\/revisions\/22549"}],"wp:attachment":[{"href":"https:\/\/www.forum-soegel.de\/information\/wp-json\/wp\/v2\/media?parent=22547"}],"wp:term":[{"taxonomy":"category","embeddable":true,"href":"https:\/\/www.forum-soegel.de\/information\/wp-json\/wp\/v2\/categories?post=22547"},{"taxonomy":"post_tag","embeddable":true,"href":"https:\/\/www.forum-soegel.de\/information\/wp-json\/wp\/v2\/tags?post=22547"}],"curies":[{"name":"wp","href":"https:\/\/api.w.org\/{rel}","templated":true}]}}