{"id":22544,"date":"2017-10-01T19:33:38","date_gmt":"2017-10-01T17:33:38","guid":{"rendered":"https:\/\/www.forum-soegel.de\/information\/?p=22544"},"modified":"2017-10-01T19:33:38","modified_gmt":"2017-10-01T17:33:38","slug":"autorin-andrea-erne-zu-besuch-in-der-neuen-grundschule-boerger","status":"publish","type":"post","link":"https:\/\/www.forum-soegel.de\/information\/2017\/10\/autorin-andrea-erne-zu-besuch-in-der-neuen-grundschule-boerger\/","title":{"rendered":"Autorin Andrea Erne zu Besuch in der neuen Grundschule B\u00f6rger"},"content":{"rendered":"<p><a href=\"https:\/\/www.forum-soegel.de\/information\/wp-content\/uploads\/2017\/10\/Autorin-Andrea-Erne-zu-Besuch-in-der-neuen-Grundschule-B\u00f6rger.jpg\"><img loading=\"lazy\" decoding=\"async\" class=\"alignleft size-medium wp-image-22545\" src=\"https:\/\/www.forum-soegel.de\/information\/wp-content\/uploads\/2017\/10\/Autorin-Andrea-Erne-zu-Besuch-in-der-neuen-Grundschule-B\u00f6rger-300x169.jpg\" alt=\"\" width=\"300\" height=\"169\" srcset=\"https:\/\/www.forum-soegel.de\/information\/wp-content\/uploads\/2017\/10\/Autorin-Andrea-Erne-zu-Besuch-in-der-neuen-Grundschule-B\u00f6rger-300x169.jpg 300w, https:\/\/www.forum-soegel.de\/information\/wp-content\/uploads\/2017\/10\/Autorin-Andrea-Erne-zu-Besuch-in-der-neuen-Grundschule-B\u00f6rger-768x432.jpg 768w, https:\/\/www.forum-soegel.de\/information\/wp-content\/uploads\/2017\/10\/Autorin-Andrea-Erne-zu-Besuch-in-der-neuen-Grundschule-B\u00f6rger.jpg 1024w\" sizes=\"auto, (max-width: 300px) 100vw, 300px\" \/><\/a>B\u00f6rger &#8211; Vielen Kindern ist die Sachbuchreihe \u201eWieso? Weshalb? Warum?\u201c aus dem Ravensburger Verlag bekannt. Die Frau, die hinter einigen Titeln dieser Reihe steckt, besuchte k\u00fcrzlich die ersten und zweiten Klassen der Grundschule B\u00f6rger: Andrea Erne aus T\u00fcbingen ist Kindersachbuchautorin und stellte den rund 50 Kindern den Band: \u201eWir entdecken die Bibel\u201c in einer spannenden interaktiven Lesung vor.<\/p>\n<p>Die Pausenhalle der Grundschule war mit Utensilien aus biblischer Zeit gestaltet: Nahrungsmittel, Gebrauchsgegenst\u00e4nde, orientalisch anmutende Schalen und der nachgestellte Innenraum eines Nomadenzeltes sorgten f\u00fcr die Einstimmung der Zuh\u00f6rer auf das Thema. Der Schulleiter Christian Schr\u00f6er und Silvia Ubbenjans von der Katholischen \u00d6ffentlichen B\u00fccherei in B\u00f6rger begr\u00fc\u00dften alle, die gekommen waren, in der neuen Pausenhalle der Grundschule B\u00f6rger.<\/p>\n<p>In einem Bildvortrag erkl\u00e4rte die Autorin zun\u00e4chst, dass zur Entstehung eines Sachbuches neben dem Verfasser der Texte auch der Illustrator (hier: Wolfgang Metzger) geh\u00f6rt, der das Buch durch seine Zeichenkunst erst attraktiv macht.`<\/p>\n<p>Anschlie\u00dfend erlebten die Zuh\u00f6rer einen Streifzug durch das Alte und das Neue Testament. So h\u00f6rten sie von der Sch\u00f6pfung der Erde, der Vertreibung Adams und Evas aus dem Paradies, der Arche Noah, Moses in \u00c4gypten, von Jesus am See Genezareth\u00a0 und seiner besonderen Beziehung zu den Kindern \u2013 um nur einige Beispiele zu nennen.<\/p>\n<p>All diese Geschichten wurden von Frau Ernes` Handpuppe, einem fr\u00f6hlichen Schaf, begleitet und kommentiert. So erfuhren die Kinder nicht nur viel \u00fcber die Bibel, sondern auch eine Menge Wissenswertes \u00fcber das t\u00e4gliche Leben der damaligen Zeit.<\/p>\n<p>Immer wieder bezog die Autorin die Kinder mit in das Geschehen ein und stellte ihnen Fragen. So bot sie ihnen auch an, vom Apfel der Erkenntnis zu probieren. Aber im Gegensatz zu Adam und Eva widerstanden die Grundsch\u00fcler der Versuchung hineinzubei\u00dfen. Daf\u00fcr griffen sie beim \u201eManna\u201c (lustige, fr\u00f6hliche Kaubonbons), das vom Himmel regnete, beherzt zu.<\/p>\n<p>Text\/Foto: Silvia Ubbenjans<\/p>\n<p>&nbsp;<\/p>\n<p>&nbsp;<\/p>\n","protected":false},"excerpt":{"rendered":"B\u00f6rger &#8211; Vielen Kindern ist die Sachbuchreihe \u201eWieso? Weshalb? Warum?\u201c aus dem Ravensburger Verlag bekannt. Die Frau, die hinter einigen Titeln dieser Reihe steckt, besuchte k\u00fcrzlich die ersten und zweiten Klassen der Grundschule B\u00f6rger: Andrea Erne aus T\u00fcbingen ist Kindersachbuchautorin und stellte den rund 50 Kindern den Band: \u201eWir entdecken die Bibel\u201c in einer spannenden [&hellip;]\n","protected":false},"author":2,"featured_media":0,"comment_status":"closed","ping_status":"closed","sticky":false,"template":"","format":"standard","meta":{"ngg_post_thumbnail":0,"footnotes":""},"categories":[6],"tags":[],"class_list":["post-22544","post","type-post","status-publish","format-standard","hentry","category-aus-der-schule-geplaudert"],"_links":{"self":[{"href":"https:\/\/www.forum-soegel.de\/information\/wp-json\/wp\/v2\/posts\/22544","targetHints":{"allow":["GET"]}}],"collection":[{"href":"https:\/\/www.forum-soegel.de\/information\/wp-json\/wp\/v2\/posts"}],"about":[{"href":"https:\/\/www.forum-soegel.de\/information\/wp-json\/wp\/v2\/types\/post"}],"author":[{"embeddable":true,"href":"https:\/\/www.forum-soegel.de\/information\/wp-json\/wp\/v2\/users\/2"}],"replies":[{"embeddable":true,"href":"https:\/\/www.forum-soegel.de\/information\/wp-json\/wp\/v2\/comments?post=22544"}],"version-history":[{"count":1,"href":"https:\/\/www.forum-soegel.de\/information\/wp-json\/wp\/v2\/posts\/22544\/revisions"}],"predecessor-version":[{"id":22546,"href":"https:\/\/www.forum-soegel.de\/information\/wp-json\/wp\/v2\/posts\/22544\/revisions\/22546"}],"wp:attachment":[{"href":"https:\/\/www.forum-soegel.de\/information\/wp-json\/wp\/v2\/media?parent=22544"}],"wp:term":[{"taxonomy":"category","embeddable":true,"href":"https:\/\/www.forum-soegel.de\/information\/wp-json\/wp\/v2\/categories?post=22544"},{"taxonomy":"post_tag","embeddable":true,"href":"https:\/\/www.forum-soegel.de\/information\/wp-json\/wp\/v2\/tags?post=22544"}],"curies":[{"name":"wp","href":"https:\/\/api.w.org\/{rel}","templated":true}]}}