{"id":2254,"date":"2010-06-01T00:02:26","date_gmt":"2010-05-31T22:02:26","guid":{"rendered":"https:\/\/www.forum-soegel.de\/information\/?p=2254"},"modified":"2010-05-26T19:30:54","modified_gmt":"2010-05-26T17:30:54","slug":"spahnharrenstatte-verwaltung-ist-umgezogen","status":"publish","type":"post","link":"https:\/\/www.forum-soegel.de\/information\/2010\/06\/spahnharrenstatte-verwaltung-ist-umgezogen\/","title":{"rendered":"Spahnharrenst\u00e4tte: Verwaltung ist umgezogen"},"content":{"rendered":"<p>Die Verwaltung der Gemeinde Spahnharrenst\u00e4tte hat die Stra\u00dfenseite gewechselt. Modern und freundlich pr\u00e4sentiert sich nun die Verwaltung in den R\u00e4umlichkeiten an der Hauptstra\u00dfe, direkt gegen\u00fcber dem bisherigen Standort. \u201eF\u00fcr uns ist dieses Geb\u00e4ude ein Gl\u00fccksgriff\u201c, stellte B\u00fcrgermeister Hubert Lager am ersten \u00d6ffnungstag im neuen \u201eRathaus\u201c fest. Das bisherige Gemeindeb\u00fcro soll w\u00e4hrend der anstehenden Bauphase am Kindergarten als Kindertagesst\u00e4tte genutzt werden, so die Pl\u00e4ne des Gemeinderates. Damit behalte die Interims-Kita eine direkte Anbindung an die Sporthalle und sei per Fu\u00dfweg \u00fcber das Kirchengel\u00e4nde an die Grundschule und den Kindergarten Spahnharrenst\u00e4tte angeschlossen.<\/p>\n<p>Samtgemeindeb\u00fcrgermeister G\u00fcnter Wigbers verschaffte sich am Er\u00f6ffnungstag ebenfalls einen Eindruck von der Au\u00dfenstelle der Samtgemeinde S\u00f6gel. \u201eWir wollen trotz angespannter Finanzlage mit unseren Dienstleistungen in den Mitgliedsgemeinden pr\u00e4sent bleiben\u201c, unterstrich Wigbers. Die neuen R\u00e4umlichkeiten seien bedarfsgerecht, funktionell und dem heutigen Standard entsprechend.<\/p>\n<p>Das Gemeindeb\u00fcro Spahnharrenst\u00e4tte ist ab sofort unter der Anschrift: Hauptstra\u00dfe 50, 49751 Spahnharrenst\u00e4tte, (Tel.: 05951-2234, Fax:05951-3927) zu erreichen. Die \u00d6ffnungszeiten sind wie bisher am Montag, Mittwoch und Donnerstag von\u00a0 14 \u2013 17 Uhr und am Dienstag von 9 \u2013 12 Uhr. Mail: <a href=\"mailto:spahnharrenstaette@soegel.de\">spahnharrenstaette@soegel.de<\/a>, <a href=\"https:\/\/www.spahnharrenstaette.de\/\">www.spahnharrenstaette.de<\/a><\/p>\n<p>Text\/Foto: IC<\/p>\n<p><a href=\"https:\/\/www.forum-soegel.de\/information\/wp-content\/uploads\/2010\/05\/SpahnhneuesB\u00fcroI.jpg\"><img loading=\"lazy\" decoding=\"async\" class=\"alignnone size-medium wp-image-2255\" title=\"SpahnhneuesB\u00fcroI\" src=\"https:\/\/www.forum-soegel.de\/information\/wp-content\/uploads\/2010\/05\/SpahnhneuesB\u00fcroI-300x158.jpg\" alt=\"\" width=\"300\" height=\"158\" srcset=\"https:\/\/www.forum-soegel.de\/information\/wp-content\/uploads\/2010\/05\/SpahnhneuesB\u00fcroI-300x158.jpg 300w, https:\/\/www.forum-soegel.de\/information\/wp-content\/uploads\/2010\/05\/SpahnhneuesB\u00fcroI.jpg 1024w\" sizes=\"auto, (max-width: 300px) 100vw, 300px\" \/><\/a><\/p>\n","protected":false},"excerpt":{"rendered":"Die Verwaltung der Gemeinde Spahnharrenst\u00e4tte hat die Stra\u00dfenseite gewechselt. Modern und freundlich pr\u00e4sentiert sich nun die Verwaltung in den R\u00e4umlichkeiten an der Hauptstra\u00dfe, direkt gegen\u00fcber dem bisherigen Standort. \u201eF\u00fcr uns ist dieses Geb\u00e4ude ein Gl\u00fccksgriff\u201c, stellte B\u00fcrgermeister Hubert Lager am ersten \u00d6ffnungstag im neuen \u201eRathaus\u201c fest. Das bisherige Gemeindeb\u00fcro soll w\u00e4hrend der anstehenden Bauphase am [&hellip;]\n","protected":false},"author":2,"featured_media":0,"comment_status":"closed","ping_status":"closed","sticky":false,"template":"","format":"standard","meta":{"ngg_post_thumbnail":0,"footnotes":""},"categories":[3],"tags":[339],"class_list":["post-2254","post","type-post","status-publish","format-standard","hentry","category-aktuelles-aus-der-region","tag-gemeindeburo"],"_links":{"self":[{"href":"https:\/\/www.forum-soegel.de\/information\/wp-json\/wp\/v2\/posts\/2254","targetHints":{"allow":["GET"]}}],"collection":[{"href":"https:\/\/www.forum-soegel.de\/information\/wp-json\/wp\/v2\/posts"}],"about":[{"href":"https:\/\/www.forum-soegel.de\/information\/wp-json\/wp\/v2\/types\/post"}],"author":[{"embeddable":true,"href":"https:\/\/www.forum-soegel.de\/information\/wp-json\/wp\/v2\/users\/2"}],"replies":[{"embeddable":true,"href":"https:\/\/www.forum-soegel.de\/information\/wp-json\/wp\/v2\/comments?post=2254"}],"version-history":[{"count":3,"href":"https:\/\/www.forum-soegel.de\/information\/wp-json\/wp\/v2\/posts\/2254\/revisions"}],"predecessor-version":[{"id":2258,"href":"https:\/\/www.forum-soegel.de\/information\/wp-json\/wp\/v2\/posts\/2254\/revisions\/2258"}],"wp:attachment":[{"href":"https:\/\/www.forum-soegel.de\/information\/wp-json\/wp\/v2\/media?parent=2254"}],"wp:term":[{"taxonomy":"category","embeddable":true,"href":"https:\/\/www.forum-soegel.de\/information\/wp-json\/wp\/v2\/categories?post=2254"},{"taxonomy":"post_tag","embeddable":true,"href":"https:\/\/www.forum-soegel.de\/information\/wp-json\/wp\/v2\/tags?post=2254"}],"curies":[{"name":"wp","href":"https:\/\/api.w.org\/{rel}","templated":true}]}}