{"id":22538,"date":"2017-10-01T19:31:34","date_gmt":"2017-10-01T17:31:34","guid":{"rendered":"https:\/\/www.forum-soegel.de\/information\/?p=22538"},"modified":"2017-10-01T19:31:34","modified_gmt":"2017-10-01T17:31:34","slug":"tv-rot-gold-soegel-aufstieg-in-die-verbandsklasse-perfekt-gemacht","status":"publish","type":"post","link":"https:\/\/www.forum-soegel.de\/information\/2017\/10\/tv-rot-gold-soegel-aufstieg-in-die-verbandsklasse-perfekt-gemacht\/","title":{"rendered":"TV Rot-Gold S\u00f6gel: Aufstieg in die Verbandsklasse perfekt gemacht"},"content":{"rendered":"<p>S\u00f6gel &#8211; Am ersten September-Wochenende gewann die 1.Herrenmannschaft des Tennisvereins Rot-Gold-S\u00f6gel auch ihr letztes Punktspiel gegen den TC Edewecht deutlich mit 5:1 und steigt damit als Sieger der Meisterschaftsrunde (10:0) erstmalig in die n\u00e4chsth\u00f6here Klasse auf.<\/p>\n<p>Am Spieltag zuvor wurde der bis dahin ungeschlagene Mitkonkurrent um die Meisterschaft bzw. um den Aufstieg, der TC Emstek, klar mit 4:2 besiegt, wobei die beiden Doppel erst die Entscheidung brachten. Somit wurde eine g\u00fcnstige Ausgangslage f\u00fcr den letzten Spieltag geschaffen, wo den S\u00f6gelern ein Unentschieden zum Aufstieg gereicht h\u00e4tte. Mit drei klaren Siegen in den Einzeln (A.Kulkmann mit 6:0, 6:0 ;\u00a0 Ph.Schewe mit 6:4, 6:2 und T.Osterloh mit 6:0, 6:1) legte die Mannschaft den Grundstein, die beiden siegreichen Doppel mit A.Kulkmann\/F.Schepers mit 6:1, 6:2 und T.Osterloh\/Ph.Schewe mit 6:3, 6:2 sorgten f\u00fcr das hervorragende Endergebnis und damit war der Aufstieg perfekt.<\/p>\n<p>Unterst\u00fctzt wurde die Mannschaft von ihren Fans, die auch bei den Ausw\u00e4rtsspielen dabei waren.<\/p>\n<p>In der kommenden Wintersaison spielt die Herren 30 Mannschaft in der Verbandsliga, die Herrenmannschaft in der Bezirksliga.<\/p>\n<p>Das passende Meisterschaft-Shirt hatte man schon nach Edewecht mitgenommen (auf dem Foto fehlt Daniel Feldhaus).<\/p>\n<p>Text\/Foto: Klaus Kulkmann<\/p>\n<p><a href=\"https:\/\/www.forum-soegel.de\/information\/wp-content\/uploads\/2017\/10\/TV-Rot-Gold-S\u00f6gel-Aufstieg-in-die-Verbandsklasse-perfekt-gemacht.jpg\"><img loading=\"lazy\" decoding=\"async\" class=\"alignnone size-medium wp-image-22539\" src=\"https:\/\/www.forum-soegel.de\/information\/wp-content\/uploads\/2017\/10\/TV-Rot-Gold-S\u00f6gel-Aufstieg-in-die-Verbandsklasse-perfekt-gemacht-300x225.jpg\" alt=\"\" width=\"300\" height=\"225\" srcset=\"https:\/\/www.forum-soegel.de\/information\/wp-content\/uploads\/2017\/10\/TV-Rot-Gold-S\u00f6gel-Aufstieg-in-die-Verbandsklasse-perfekt-gemacht-300x225.jpg 300w, https:\/\/www.forum-soegel.de\/information\/wp-content\/uploads\/2017\/10\/TV-Rot-Gold-S\u00f6gel-Aufstieg-in-die-Verbandsklasse-perfekt-gemacht-768x575.jpg 768w, https:\/\/www.forum-soegel.de\/information\/wp-content\/uploads\/2017\/10\/TV-Rot-Gold-S\u00f6gel-Aufstieg-in-die-Verbandsklasse-perfekt-gemacht.jpg 1024w\" sizes=\"auto, (max-width: 300px) 100vw, 300px\" \/><\/a><\/p>\n","protected":false},"excerpt":{"rendered":"S\u00f6gel &#8211; Am ersten September-Wochenende gewann die 1.Herrenmannschaft des Tennisvereins Rot-Gold-S\u00f6gel auch ihr letztes Punktspiel gegen den TC Edewecht deutlich mit 5:1 und steigt damit als Sieger der Meisterschaftsrunde (10:0) erstmalig in die n\u00e4chsth\u00f6here Klasse auf. Am Spieltag zuvor wurde der bis dahin ungeschlagene Mitkonkurrent um die Meisterschaft bzw. um den Aufstieg, der TC Emstek, [&hellip;]\n","protected":false},"author":2,"featured_media":0,"comment_status":"closed","ping_status":"closed","sticky":false,"template":"","format":"standard","meta":{"ngg_post_thumbnail":0,"footnotes":""},"categories":[5],"tags":[],"class_list":["post-22538","post","type-post","status-publish","format-standard","hentry","category-was-machen-die-vereine"],"_links":{"self":[{"href":"https:\/\/www.forum-soegel.de\/information\/wp-json\/wp\/v2\/posts\/22538","targetHints":{"allow":["GET"]}}],"collection":[{"href":"https:\/\/www.forum-soegel.de\/information\/wp-json\/wp\/v2\/posts"}],"about":[{"href":"https:\/\/www.forum-soegel.de\/information\/wp-json\/wp\/v2\/types\/post"}],"author":[{"embeddable":true,"href":"https:\/\/www.forum-soegel.de\/information\/wp-json\/wp\/v2\/users\/2"}],"replies":[{"embeddable":true,"href":"https:\/\/www.forum-soegel.de\/information\/wp-json\/wp\/v2\/comments?post=22538"}],"version-history":[{"count":1,"href":"https:\/\/www.forum-soegel.de\/information\/wp-json\/wp\/v2\/posts\/22538\/revisions"}],"predecessor-version":[{"id":22540,"href":"https:\/\/www.forum-soegel.de\/information\/wp-json\/wp\/v2\/posts\/22538\/revisions\/22540"}],"wp:attachment":[{"href":"https:\/\/www.forum-soegel.de\/information\/wp-json\/wp\/v2\/media?parent=22538"}],"wp:term":[{"taxonomy":"category","embeddable":true,"href":"https:\/\/www.forum-soegel.de\/information\/wp-json\/wp\/v2\/categories?post=22538"},{"taxonomy":"post_tag","embeddable":true,"href":"https:\/\/www.forum-soegel.de\/information\/wp-json\/wp\/v2\/tags?post=22538"}],"curies":[{"name":"wp","href":"https:\/\/api.w.org\/{rel}","templated":true}]}}