{"id":22535,"date":"2017-10-01T19:30:10","date_gmt":"2017-10-01T17:30:10","guid":{"rendered":"https:\/\/www.forum-soegel.de\/information\/?p=22535"},"modified":"2017-10-01T19:30:10","modified_gmt":"2017-10-01T17:30:10","slug":"neues-outfit-fuer-neu-gegruendete-damenmannschaft-der-sg-stavernberssen","status":"publish","type":"post","link":"https:\/\/www.forum-soegel.de\/information\/2017\/10\/neues-outfit-fuer-neu-gegruendete-damenmannschaft-der-sg-stavernberssen\/","title":{"rendered":"Neues Outfit f\u00fcr neu gegr\u00fcndete Damenmannschaft der SG Stavern\/Ber\u00dfen"},"content":{"rendered":"<div id=\"attachment_22536\" style=\"width: 310px\" class=\"wp-caption alignnone\"><a href=\"https:\/\/www.forum-soegel.de\/information\/wp-content\/uploads\/2017\/10\/Neues-Outfit-f\u00fcr-neu-gegr\u00fcndete-Damenmannschaft-der-SG-StavernBer\u00dfen\u2002\u2002.jpg\"><img loading=\"lazy\" decoding=\"async\" aria-describedby=\"caption-attachment-22536\" class=\"size-medium wp-image-22536\" src=\"https:\/\/www.forum-soegel.de\/information\/wp-content\/uploads\/2017\/10\/Neues-Outfit-f\u00fcr-neu-gegr\u00fcndete-Damenmannschaft-der-SG-StavernBer\u00dfen\u2002\u2002-300x143.jpg\" alt=\"\" width=\"300\" height=\"143\" srcset=\"https:\/\/www.forum-soegel.de\/information\/wp-content\/uploads\/2017\/10\/Neues-Outfit-f\u00fcr-neu-gegr\u00fcndete-Damenmannschaft-der-SG-StavernBer\u00dfen\u2002\u2002-300x143.jpg 300w, https:\/\/www.forum-soegel.de\/information\/wp-content\/uploads\/2017\/10\/Neues-Outfit-f\u00fcr-neu-gegr\u00fcndete-Damenmannschaft-der-SG-StavernBer\u00dfen\u2002\u2002-768x367.jpg 768w, https:\/\/www.forum-soegel.de\/information\/wp-content\/uploads\/2017\/10\/Neues-Outfit-f\u00fcr-neu-gegr\u00fcndete-Damenmannschaft-der-SG-StavernBer\u00dfen\u2002\u2002.jpg 1024w\" sizes=\"auto, (max-width: 300px) 100vw, 300px\" \/><\/a><p id=\"caption-attachment-22536\" class=\"wp-caption-text\">Stavern &#8211; Die Damenmannschaft des SV Stavern hat sich in der Sommerpause mit der Damenmannschaft des SV Eintracht Ber\u00dfen zu einer Spielgemeinschaft zusammengeschlossen. Die Mannschaft der Spielgemeinschaft wird in der neuen Saison in der 2. Kreisklasse Mitte antreten.<br \/>Vor dem ersten Spiel erhielten die Sportlerinnen neue Trikots, die vom Autohaus Klein aus Klein Ber\u00dfen gesponsert wurden. Die Mannschaft mit ihren Trainern und Betreuern Andre Rolfes und Lucca Meyer bedankten sich bei den Gesch\u00e4ftsf\u00fchrern des Autohauses, Benno Klein und Klaus Lampe.\u2002\u2002<br \/>Text\/Foto: Gerd Rode\u2002\u2002\u2002<\/p><\/div>\n","protected":false},"excerpt":{"rendered":"","protected":false},"author":2,"featured_media":0,"comment_status":"closed","ping_status":"closed","sticky":false,"template":"","format":"standard","meta":{"ngg_post_thumbnail":0,"footnotes":""},"categories":[5],"tags":[],"class_list":["post-22535","post","type-post","status-publish","format-standard","hentry","category-was-machen-die-vereine"],"_links":{"self":[{"href":"https:\/\/www.forum-soegel.de\/information\/wp-json\/wp\/v2\/posts\/22535","targetHints":{"allow":["GET"]}}],"collection":[{"href":"https:\/\/www.forum-soegel.de\/information\/wp-json\/wp\/v2\/posts"}],"about":[{"href":"https:\/\/www.forum-soegel.de\/information\/wp-json\/wp\/v2\/types\/post"}],"author":[{"embeddable":true,"href":"https:\/\/www.forum-soegel.de\/information\/wp-json\/wp\/v2\/users\/2"}],"replies":[{"embeddable":true,"href":"https:\/\/www.forum-soegel.de\/information\/wp-json\/wp\/v2\/comments?post=22535"}],"version-history":[{"count":1,"href":"https:\/\/www.forum-soegel.de\/information\/wp-json\/wp\/v2\/posts\/22535\/revisions"}],"predecessor-version":[{"id":22537,"href":"https:\/\/www.forum-soegel.de\/information\/wp-json\/wp\/v2\/posts\/22535\/revisions\/22537"}],"wp:attachment":[{"href":"https:\/\/www.forum-soegel.de\/information\/wp-json\/wp\/v2\/media?parent=22535"}],"wp:term":[{"taxonomy":"category","embeddable":true,"href":"https:\/\/www.forum-soegel.de\/information\/wp-json\/wp\/v2\/categories?post=22535"},{"taxonomy":"post_tag","embeddable":true,"href":"https:\/\/www.forum-soegel.de\/information\/wp-json\/wp\/v2\/tags?post=22535"}],"curies":[{"name":"wp","href":"https:\/\/api.w.org\/{rel}","templated":true}]}}