{"id":2249,"date":"2010-06-01T00:01:57","date_gmt":"2010-05-31T22:01:57","guid":{"rendered":"https:\/\/www.forum-soegel.de\/information\/?p=2249"},"modified":"2010-05-26T19:27:59","modified_gmt":"2010-05-26T17:27:59","slug":"kooperationsvertrag-hilft-kindern-im-letzten-kindergartenjahr","status":"publish","type":"post","link":"https:\/\/www.forum-soegel.de\/information\/2010\/06\/kooperationsvertrag-hilft-kindern-im-letzten-kindergartenjahr\/","title":{"rendered":"Kooperationsvertrag hilft Kindern im letzten Kindergartenjahr"},"content":{"rendered":"<p><strong>S\u00f6geler Einrichtungen schlie\u00dfen Kooperation<\/strong><\/p>\n<p>Im Rahmen des Nieders\u00e4chsischen Modellprojekts \u201eDas letzte Kindergartenjahr als Br\u00fcckenjahr zur Grundschule\u201c haben sich die zwei Einrichtungen, Bernhardschule S\u00f6gel und die Kindertagesst\u00e4tte Arche Noah auf den Weg gemacht, den \u00dcbergang von Kindergarten in die Grundschule individuell und altersangemessen zu gestalten.<\/p>\n<p>Dieses geschehe gemeinsam mit den Eltern, um die Kinder optimal zu f\u00f6rdern und sie so eng wie m\u00f6glich zusammenarbeiten zu lassen, berichten die Initiatoren.<\/p>\n<p>Anhand eines Kooperationsvertrages mit Inhalten wie: Bildung und Ziele, F\u00f6rderma\u00dfnahmen, Arbeitskreise, Einschulungsverfahren, Elternarbeit, Hospitationen und Fortbildungen verpflichten sich beide Einrichtungen vertreten durch den Schulleiter Karl Heinz Kaplan und die Leitung der Kindertagesst\u00e4tte Heike Rohe sowie die beiden Kooperationsbeauftragten Martina Niehoff und Marina Kessens durch die\u00a0 Unterschrift diese Vereinbarung nicht nur einzuhalten sondern auch regelm\u00e4\u00dfig fortzuschreiben.<\/p>\n<p>\u201eAls Beispiel f\u00fcr praktizierte Kooperation w\u00e4re die fr\u00fche Klassenzusammenstellung zu nennen, damit die Kinder ihre zuk\u00fcnftigen Lehrerinnen auch\u00a0 im Kindergarten bereits im Vorfeld kennen lernen und m\u00f6gliche \u00c4ngste abgebaut werden\u201c, berichten die Verantwortlichen \u00fcber bereits gelungene Ma\u00dfnamen. Zudem gingen die Kinder der Kindertagesst\u00e4tte w\u00e4hrend der Schulferien in die Schule, um dort einen Vormittag zu verbringen und sich in Ruhe umzusehen und den neuen Ort mit ihren Freunden kennen zu lernen.<\/p>\n<p>Text\/Foto: I C<\/p>\n<div id=\"attachment_2250\" style=\"width: 310px\" class=\"wp-caption alignnone\"><a href=\"https:\/\/www.forum-soegel.de\/information\/wp-content\/uploads\/2010\/05\/Kooperationsvertrag.jpg\"><img loading=\"lazy\" decoding=\"async\" aria-describedby=\"caption-attachment-2250\" class=\"size-medium wp-image-2250\" title=\"Kooperationsvertrag\" src=\"https:\/\/www.forum-soegel.de\/information\/wp-content\/uploads\/2010\/05\/Kooperationsvertrag-300x225.jpg\" alt=\"\" width=\"300\" height=\"225\" srcset=\"https:\/\/www.forum-soegel.de\/information\/wp-content\/uploads\/2010\/05\/Kooperationsvertrag-300x225.jpg 300w, https:\/\/www.forum-soegel.de\/information\/wp-content\/uploads\/2010\/05\/Kooperationsvertrag.jpg 1024w\" sizes=\"auto, (max-width: 300px) 100vw, 300px\" \/><\/a><p id=\"caption-attachment-2250\" class=\"wp-caption-text\">: v.l. Martina Niehoff, Karl-Heinz Kaplan, Heike Rohe, Marina Kessens und einige Vorschulkinder. <\/p><\/div>\n","protected":false},"excerpt":{"rendered":"S\u00f6geler Einrichtungen schlie\u00dfen Kooperation Im Rahmen des Nieders\u00e4chsischen Modellprojekts \u201eDas letzte Kindergartenjahr als Br\u00fcckenjahr zur Grundschule\u201c haben sich die zwei Einrichtungen, Bernhardschule S\u00f6gel und die Kindertagesst\u00e4tte Arche Noah auf den Weg gemacht, den \u00dcbergang von Kindergarten in die Grundschule individuell und altersangemessen zu gestalten. Dieses geschehe gemeinsam mit den Eltern, um die Kinder optimal zu [&hellip;]\n","protected":false},"author":2,"featured_media":0,"comment_status":"closed","ping_status":"closed","sticky":false,"template":"","format":"standard","meta":{"ngg_post_thumbnail":0,"footnotes":""},"categories":[3],"tags":[165,157],"class_list":["post-2249","post","type-post","status-publish","format-standard","hentry","category-aktuelles-aus-der-region","tag-kindergarten","tag-kooperationsvertrag"],"_links":{"self":[{"href":"https:\/\/www.forum-soegel.de\/information\/wp-json\/wp\/v2\/posts\/2249","targetHints":{"allow":["GET"]}}],"collection":[{"href":"https:\/\/www.forum-soegel.de\/information\/wp-json\/wp\/v2\/posts"}],"about":[{"href":"https:\/\/www.forum-soegel.de\/information\/wp-json\/wp\/v2\/types\/post"}],"author":[{"embeddable":true,"href":"https:\/\/www.forum-soegel.de\/information\/wp-json\/wp\/v2\/users\/2"}],"replies":[{"embeddable":true,"href":"https:\/\/www.forum-soegel.de\/information\/wp-json\/wp\/v2\/comments?post=2249"}],"version-history":[{"count":3,"href":"https:\/\/www.forum-soegel.de\/information\/wp-json\/wp\/v2\/posts\/2249\/revisions"}],"predecessor-version":[{"id":2253,"href":"https:\/\/www.forum-soegel.de\/information\/wp-json\/wp\/v2\/posts\/2249\/revisions\/2253"}],"wp:attachment":[{"href":"https:\/\/www.forum-soegel.de\/information\/wp-json\/wp\/v2\/media?parent=2249"}],"wp:term":[{"taxonomy":"category","embeddable":true,"href":"https:\/\/www.forum-soegel.de\/information\/wp-json\/wp\/v2\/categories?post=2249"},{"taxonomy":"post_tag","embeddable":true,"href":"https:\/\/www.forum-soegel.de\/information\/wp-json\/wp\/v2\/tags?post=2249"}],"curies":[{"name":"wp","href":"https:\/\/api.w.org\/{rel}","templated":true}]}}