{"id":2228,"date":"2010-06-01T00:13:47","date_gmt":"2010-05-31T22:13:47","guid":{"rendered":"https:\/\/www.forum-soegel.de\/information\/?p=2228"},"modified":"2010-05-26T19:15:59","modified_gmt":"2010-05-26T17:15:59","slug":"kinder-laden-eltern-zur-party-im-familienzentrum-ein","status":"publish","type":"post","link":"https:\/\/www.forum-soegel.de\/information\/2010\/06\/kinder-laden-eltern-zur-party-im-familienzentrum-ein\/","title":{"rendered":"Kinder laden Eltern zur Party im Familienzentrum ein"},"content":{"rendered":"<p>Die Kinder der Sonnenblumengruppe der kath. Kindertagesst\u00e4tte St. Jakobus laden ihre Eltern zur kleinen Einweihungsparty ein. Die Eltern haben in den letzten Wochen die Gruppenr\u00e4ume ihrer Kinder renoviert.<\/p>\n<p>Die Firma D\u00fcbra aus S\u00f6gel hat der Kindertagesst\u00e4tte eine neue K\u00fcche gestiftet. Die Gruppe ist jetzt neu tapeziert hell gestrichen, eine neue Spielh\u00f6hle und ein Wassertisch ist von der Kath. Kindertagesst\u00e4tte angeschafft worden.<\/p>\n<p>Die Leitung Frau Irmgard Welling bedankte sich auch im Namen der Kath. Kirchengemeinde bei allen Eltern f\u00fcr die Arbeit und besonders bei der Firma D\u00fcbra f\u00fcr die gro\u00dfz\u00fcgige Spende.<\/p>\n<p>Die Kinder haben f\u00fcr die Eltern gebacken, kleine S\u00fc\u00dfigkeiten gereicht und mit Liedern f\u00fcr einen sch\u00f6nen Rahmen gesorgt.<\/p>\n<p>Text\/Foto: Irmgard Welling<\/p>\n<p><a href=\"https:\/\/www.forum-soegel.de\/information\/wp-content\/uploads\/2010\/05\/Kinderladen-ihre-Eltern.jpg\"><img loading=\"lazy\" decoding=\"async\" class=\"alignnone size-medium wp-image-2229\" title=\"Kinderladen ihre Eltern\" src=\"https:\/\/www.forum-soegel.de\/information\/wp-content\/uploads\/2010\/05\/Kinderladen-ihre-Eltern-300x169.jpg\" alt=\"\" width=\"300\" height=\"169\" srcset=\"https:\/\/www.forum-soegel.de\/information\/wp-content\/uploads\/2010\/05\/Kinderladen-ihre-Eltern-300x169.jpg 300w, https:\/\/www.forum-soegel.de\/information\/wp-content\/uploads\/2010\/05\/Kinderladen-ihre-Eltern.jpg 1024w\" sizes=\"auto, (max-width: 300px) 100vw, 300px\" \/><\/a><\/p>\n","protected":false},"excerpt":{"rendered":"Die Kinder der Sonnenblumengruppe der kath. Kindertagesst\u00e4tte St. Jakobus laden ihre Eltern zur kleinen Einweihungsparty ein. Die Eltern haben in den letzten Wochen die Gruppenr\u00e4ume ihrer Kinder renoviert. Die Firma D\u00fcbra aus S\u00f6gel hat der Kindertagesst\u00e4tte eine neue K\u00fcche gestiftet. Die Gruppe ist jetzt neu tapeziert hell gestrichen, eine neue Spielh\u00f6hle und ein Wassertisch ist [&hellip;]\n","protected":false},"author":2,"featured_media":0,"comment_status":"closed","ping_status":"closed","sticky":false,"template":"","format":"standard","meta":{"ngg_post_thumbnail":0,"footnotes":""},"categories":[3],"tags":[],"class_list":["post-2228","post","type-post","status-publish","format-standard","hentry","category-aktuelles-aus-der-region"],"_links":{"self":[{"href":"https:\/\/www.forum-soegel.de\/information\/wp-json\/wp\/v2\/posts\/2228","targetHints":{"allow":["GET"]}}],"collection":[{"href":"https:\/\/www.forum-soegel.de\/information\/wp-json\/wp\/v2\/posts"}],"about":[{"href":"https:\/\/www.forum-soegel.de\/information\/wp-json\/wp\/v2\/types\/post"}],"author":[{"embeddable":true,"href":"https:\/\/www.forum-soegel.de\/information\/wp-json\/wp\/v2\/users\/2"}],"replies":[{"embeddable":true,"href":"https:\/\/www.forum-soegel.de\/information\/wp-json\/wp\/v2\/comments?post=2228"}],"version-history":[{"count":4,"href":"https:\/\/www.forum-soegel.de\/information\/wp-json\/wp\/v2\/posts\/2228\/revisions"}],"predecessor-version":[{"id":2233,"href":"https:\/\/www.forum-soegel.de\/information\/wp-json\/wp\/v2\/posts\/2228\/revisions\/2233"}],"wp:attachment":[{"href":"https:\/\/www.forum-soegel.de\/information\/wp-json\/wp\/v2\/media?parent=2228"}],"wp:term":[{"taxonomy":"category","embeddable":true,"href":"https:\/\/www.forum-soegel.de\/information\/wp-json\/wp\/v2\/categories?post=2228"},{"taxonomy":"post_tag","embeddable":true,"href":"https:\/\/www.forum-soegel.de\/information\/wp-json\/wp\/v2\/tags?post=2228"}],"curies":[{"name":"wp","href":"https:\/\/api.w.org\/{rel}","templated":true}]}}