{"id":2217,"date":"2010-06-01T00:03:35","date_gmt":"2010-05-31T22:03:35","guid":{"rendered":"https:\/\/www.forum-soegel.de\/information\/?p=2217"},"modified":"2010-05-26T19:09:35","modified_gmt":"2010-05-26T17:09:35","slug":"die-welt-nach-sogel-holen","status":"publish","type":"post","link":"https:\/\/www.forum-soegel.de\/information\/2010\/06\/die-welt-nach-sogel-holen\/","title":{"rendered":"Die Welt nach S\u00f6gel holen"},"content":{"rendered":"<p><strong>Gemeinn\u00fctzige Organisation YFU sucht Gastfamilien f\u00fcr Austauschsch\u00fcler<\/strong><\/p>\n<p>Seit Sommer letzten Jahres lebt Jacob, Austauschsch\u00fcler aus den USA, in S\u00f6gel. Er besucht hier die Schule, teilt den Alltag seiner Gastfamilie und hat so in Deutschland eine zweite Heimat gefunden. Organisiert wurde sein Austauschjahr von der gemeinn\u00fctzigen Organisation Deutsches Youth For Understanding Komitee e.V. (YFU).<\/p>\n<p>Genau wie Jacob kommen jedes Jahr etwa 500 Jugendliche aus aller Welt mit YFU f\u00fcr ein Jahr nach Deutschland. YFU sucht ab sofort wieder Gastfamilien, die ab August oder September 2010 einen Austauschsch\u00fcler bei sich aufnehmen m\u00f6chten. Unterst\u00fctzt wird YFU dabei von B\u00fcrgermeister Heiner Wellenbrock. \u201eIch w\u00fcrde mich freuen, wenn auch im kommenden Schuljahr wieder Austauschsch\u00fcler das Leben in S\u00f6gel und Umgebung bereichern w\u00fcrden&#8220;, so Heiner Wellenbrock, \u201eDas Zusammenleben unterschiedlicher Kulturen ist nicht nur f\u00fcr die jeweilige Gastfamilie, sondern f\u00fcr unsere ganze Stadt ein Gewinn.&#8220;<\/p>\n<p>Mit ihrem \u201eFamilienmitglied auf Zeit&#8220; erleben Gastfamilien ein Austauschjahr im eigenen Zuhause und lernen ihrerseits eine neue Kultur kennen. Gastfamilien m\u00fcssen den Austauschsch\u00fclern keinen besonderen Luxus oder ein Besichtigungsprogramm bieten &#8211; es geht vielmehr um die herzliche Aufnahme und die Integration in den Familienalltag. Auch spielt es keine Rolle, wie gro\u00df die Familie ist und ob sie auf dem Land oder in der Stadt lebt.<\/p>\n<p>Sowohl Gastfamilien als auch Austauschsch\u00fcler werden von YFU gr\u00fcndlich auf das gemeinsame Jahr vorbereitet. Auch w\u00e4hrend des Austauschjahres stehen bei Fragen oder Problemen jederzeit Betreuer von YFU zur Verf\u00fcgung. Interessierte Familien k\u00f6nnen sich bei YFU melden unter: Tel.: 040 227002-0, E-Mail: info@yfu.de<\/p>\n<p>\u00dcber YFU:<\/p>\n<p>Das Deutsche Youth For Understanding Komitee e.V. (YFU) organisiert seit \u00fcber 50 Jahren langfristige Jugendaustauschprogramme weltweit. Zusammen mit Partnerorganisationen in rund 50 L\u00e4ndern setzt sich YFU f\u00fcr Toleranz und interkulturelle Verst\u00e4ndigung ein. Seit der Gr\u00fcndung im Jahr 1957 haben insgesamt mehr als 50.000 Jugendliche an den Austauschprogrammen teilgenommen. YFU ist ein gemeinn\u00fctziger Verein und als Tr\u00e4ger der freien Jugendhilfe anerkannt.<\/p>\n<p>Text: IC<\/p>\n","protected":false},"excerpt":{"rendered":"Gemeinn\u00fctzige Organisation YFU sucht Gastfamilien f\u00fcr Austauschsch\u00fcler Seit Sommer letzten Jahres lebt Jacob, Austauschsch\u00fcler aus den USA, in S\u00f6gel. Er besucht hier die Schule, teilt den Alltag seiner Gastfamilie und hat so in Deutschland eine zweite Heimat gefunden. Organisiert wurde sein Austauschjahr von der gemeinn\u00fctzigen Organisation Deutsches Youth For Understanding Komitee e.V. (YFU). Genau wie [&hellip;]\n","protected":false},"author":2,"featured_media":0,"comment_status":"closed","ping_status":"closed","sticky":false,"template":"","format":"standard","meta":{"ngg_post_thumbnail":0,"footnotes":""},"categories":[3],"tags":[335],"class_list":["post-2217","post","type-post","status-publish","format-standard","hentry","category-aktuelles-aus-der-region","tag-schuleraustausch"],"_links":{"self":[{"href":"https:\/\/www.forum-soegel.de\/information\/wp-json\/wp\/v2\/posts\/2217","targetHints":{"allow":["GET"]}}],"collection":[{"href":"https:\/\/www.forum-soegel.de\/information\/wp-json\/wp\/v2\/posts"}],"about":[{"href":"https:\/\/www.forum-soegel.de\/information\/wp-json\/wp\/v2\/types\/post"}],"author":[{"embeddable":true,"href":"https:\/\/www.forum-soegel.de\/information\/wp-json\/wp\/v2\/users\/2"}],"replies":[{"embeddable":true,"href":"https:\/\/www.forum-soegel.de\/information\/wp-json\/wp\/v2\/comments?post=2217"}],"version-history":[{"count":5,"href":"https:\/\/www.forum-soegel.de\/information\/wp-json\/wp\/v2\/posts\/2217\/revisions"}],"predecessor-version":[{"id":2220,"href":"https:\/\/www.forum-soegel.de\/information\/wp-json\/wp\/v2\/posts\/2217\/revisions\/2220"}],"wp:attachment":[{"href":"https:\/\/www.forum-soegel.de\/information\/wp-json\/wp\/v2\/media?parent=2217"}],"wp:term":[{"taxonomy":"category","embeddable":true,"href":"https:\/\/www.forum-soegel.de\/information\/wp-json\/wp\/v2\/categories?post=2217"},{"taxonomy":"post_tag","embeddable":true,"href":"https:\/\/www.forum-soegel.de\/information\/wp-json\/wp\/v2\/tags?post=2217"}],"curies":[{"name":"wp","href":"https:\/\/api.w.org\/{rel}","templated":true}]}}