{"id":2211,"date":"2010-06-01T00:02:40","date_gmt":"2010-05-31T22:02:40","guid":{"rendered":"https:\/\/www.forum-soegel.de\/information\/?p=2211"},"modified":"2010-06-03T19:37:00","modified_gmt":"2010-06-03T17:37:00","slug":"jugendfeuerwehr-auf-weiter-auf-erfolgskurs","status":"publish","type":"post","link":"https:\/\/www.forum-soegel.de\/information\/2010\/06\/jugendfeuerwehr-auf-weiter-auf-erfolgskurs\/","title":{"rendered":"Jugendfeuerwehr weiter auf Erfolgskurs"},"content":{"rendered":"<p>Weiterhin gro\u00dfer Beliebtheit erfreut sich die Jugendfeuerwehr S\u00f6gel, teilte deren Leiter Ludger R\u00f6tepohl im Rahmen der Mitgliederversammlung der Freiwilligen Feuerwehr S\u00f6gel mit.\u00a0 Nach wie vor sind alle 18 Pl\u00e4tze\u00a0 vergeben. Auch im Berichtsjahr 2009 konnten wiederum mehrere Jugendliche in die aktive Wehr \u00fcbernommen werden.<\/p>\n<p>Erfolgreich habe man sich der \u00fcber\u00f6rtlichen Leistungsspannenabnahme in Osnabr\u00fcck gestellt und\u00a0 an sportlichen Wettbewerben teilgenommen. Die Betreuer der Jugendfeuerwehr wandten zus\u00e4tzlich zur normalen Feuerwehrwehrarbeit\u00a0 weitere 1 186 Stunden\u00a0\u00a0\u00a0 f\u00fcr die Jugendarbeit\u00a0 und eigene Fortbildung auf. Ortsbrandmeister Frank Tholen bedankte sich f\u00fcr dieses au\u00dferordentliche Engagement.<\/p>\n<p>Text:LB<\/p>\n","protected":false},"excerpt":{"rendered":"Weiterhin gro\u00dfer Beliebtheit erfreut sich die Jugendfeuerwehr S\u00f6gel, teilte deren Leiter Ludger R\u00f6tepohl im Rahmen der Mitgliederversammlung der Freiwilligen Feuerwehr S\u00f6gel mit.\u00a0 Nach wie vor sind alle 18 Pl\u00e4tze\u00a0 vergeben. Auch im Berichtsjahr 2009 konnten wiederum mehrere Jugendliche in die aktive Wehr \u00fcbernommen werden. Erfolgreich habe man sich der \u00fcber\u00f6rtlichen Leistungsspannenabnahme in Osnabr\u00fcck gestellt und\u00a0 [&hellip;]\n","protected":false},"author":2,"featured_media":0,"comment_status":"closed","ping_status":"closed","sticky":false,"template":"","format":"standard","meta":{"ngg_post_thumbnail":0,"footnotes":""},"categories":[3],"tags":[113,332],"class_list":["post-2211","post","type-post","status-publish","format-standard","hentry","category-aktuelles-aus-der-region","tag-feuerwehr","tag-jugendfeuerwehr"],"_links":{"self":[{"href":"https:\/\/www.forum-soegel.de\/information\/wp-json\/wp\/v2\/posts\/2211","targetHints":{"allow":["GET"]}}],"collection":[{"href":"https:\/\/www.forum-soegel.de\/information\/wp-json\/wp\/v2\/posts"}],"about":[{"href":"https:\/\/www.forum-soegel.de\/information\/wp-json\/wp\/v2\/types\/post"}],"author":[{"embeddable":true,"href":"https:\/\/www.forum-soegel.de\/information\/wp-json\/wp\/v2\/users\/2"}],"replies":[{"embeddable":true,"href":"https:\/\/www.forum-soegel.de\/information\/wp-json\/wp\/v2\/comments?post=2211"}],"version-history":[{"count":3,"href":"https:\/\/www.forum-soegel.de\/information\/wp-json\/wp\/v2\/posts\/2211\/revisions"}],"predecessor-version":[{"id":2425,"href":"https:\/\/www.forum-soegel.de\/information\/wp-json\/wp\/v2\/posts\/2211\/revisions\/2425"}],"wp:attachment":[{"href":"https:\/\/www.forum-soegel.de\/information\/wp-json\/wp\/v2\/media?parent=2211"}],"wp:term":[{"taxonomy":"category","embeddable":true,"href":"https:\/\/www.forum-soegel.de\/information\/wp-json\/wp\/v2\/categories?post=2211"},{"taxonomy":"post_tag","embeddable":true,"href":"https:\/\/www.forum-soegel.de\/information\/wp-json\/wp\/v2\/tags?post=2211"}],"curies":[{"name":"wp","href":"https:\/\/api.w.org\/{rel}","templated":true}]}}