{"id":2199,"date":"2010-06-01T00:02:50","date_gmt":"2010-05-31T22:02:50","guid":{"rendered":"https:\/\/www.forum-soegel.de\/information\/?p=2199"},"modified":"2010-05-25T20:17:51","modified_gmt":"2010-05-25T18:17:51","slug":"diakonweihe-von-burkhard-becker","status":"publish","type":"post","link":"https:\/\/www.forum-soegel.de\/information\/2010\/06\/diakonweihe-von-burkhard-becker\/","title":{"rendered":"Diakonweihe von Burkhard Becker"},"content":{"rendered":"<p>Der Dom zu Osnabr\u00fcck war voll besetzt, als am letzten Samstag, den 24. April 10 M\u00e4nner zum Diakon geweiht wurden. Bischof Dr. Franz-Josef Bode er\u00f6ffnete die Feier; die Begr\u00fc\u00dfung erfolgte durch Weihbischof Theodor Kettmann.<\/p>\n<p>Der aus unserer Gemeinde stammende Burkhard Becker, St.Jakobus S\u00f6gel, bekundete mit seinen Weihekandidaten die Bereitschaft, sich zum Dienst in der Kirche weihen zu lassen und unter der Leitung des Bischofs ihr Amt im Sinne Christi und der Kirche auszu\u00fcben.<\/p>\n<p>Zum Zeichen ihrer Hingabe an Gott liegen die Weihekandidaten ausgestreckt auf dem Boden.<\/p>\n<p>Durch die Handauflegung des Bischofs in Schweigen und das anschlie\u00dfende Weihegebet wird den Kandidaten die Gabe des Heiligen Geistes f\u00fcr das Diakonenamt \u00fcbertragen und durch das feierliche &#8222;AMEN&#8220; der Gemeinde best\u00e4tigt.<\/p>\n<p>Die Pfarrer der Heimatgemeinden bekleiden die neu geweihten Diakone mit Stola und Dalmatik.<\/p>\n<p>Nach dem Ende dieser Feier trafen sich die G\u00e4ste mit den neuen Diakonen zu einem Empfang im Gymnasium Carolinum, um den Geweihten ihre Gl\u00fcckw\u00fcnsche zu \u00fcberbringen.<\/p>\n<p>Viele Besucher unserer Gemeinde waren gl\u00fccklich und dankbar, dass sie diese feierliche Diakonenweihe Weihe mit erleben konnten.<\/p>\n<p>Fotos+Text: Willi Wigbers \/www.spahnharrenstaette-vereine.de<\/p>\n<p><a href=\"https:\/\/www.forum-soegel.de\/information\/wp-content\/uploads\/2010\/05\/Diakon1.jpg\"><img loading=\"lazy\" decoding=\"async\" class=\"alignnone size-thumbnail wp-image-2200\" title=\"Diakon1\" src=\"https:\/\/www.forum-soegel.de\/information\/wp-content\/uploads\/2010\/05\/Diakon1-150x150.jpg\" alt=\"\" width=\"150\" height=\"150\" \/><\/a>\u00a0 <a href=\"https:\/\/www.forum-soegel.de\/information\/wp-content\/uploads\/2010\/05\/Diakon2.jpg\"><img loading=\"lazy\" decoding=\"async\" class=\"alignnone size-thumbnail wp-image-2201\" title=\"Diakon2\" src=\"https:\/\/www.forum-soegel.de\/information\/wp-content\/uploads\/2010\/05\/Diakon2-150x150.jpg\" alt=\"\" width=\"150\" height=\"150\" \/><\/a>\u00a0 <a href=\"https:\/\/www.forum-soegel.de\/information\/wp-content\/uploads\/2010\/05\/Diakon3.jpg\"><img loading=\"lazy\" decoding=\"async\" class=\"alignnone size-thumbnail wp-image-2202\" title=\"Diakon3\" src=\"https:\/\/www.forum-soegel.de\/information\/wp-content\/uploads\/2010\/05\/Diakon3-150x150.jpg\" alt=\"\" width=\"150\" height=\"150\" \/><\/a><\/p>\n","protected":false},"excerpt":{"rendered":"Der Dom zu Osnabr\u00fcck war voll besetzt, als am letzten Samstag, den 24. April 10 M\u00e4nner zum Diakon geweiht wurden. Bischof Dr. Franz-Josef Bode er\u00f6ffnete die Feier; die Begr\u00fc\u00dfung erfolgte durch Weihbischof Theodor Kettmann. Der aus unserer Gemeinde stammende Burkhard Becker, St.Jakobus S\u00f6gel, bekundete mit seinen Weihekandidaten die Bereitschaft, sich zum Dienst in der Kirche [&hellip;]\n","protected":false},"author":2,"featured_media":0,"comment_status":"closed","ping_status":"closed","sticky":false,"template":"","format":"standard","meta":{"ngg_post_thumbnail":0,"footnotes":""},"categories":[3],"tags":[333],"class_list":["post-2199","post","type-post","status-publish","format-standard","hentry","category-aktuelles-aus-der-region","tag-diakonweihe"],"_links":{"self":[{"href":"https:\/\/www.forum-soegel.de\/information\/wp-json\/wp\/v2\/posts\/2199","targetHints":{"allow":["GET"]}}],"collection":[{"href":"https:\/\/www.forum-soegel.de\/information\/wp-json\/wp\/v2\/posts"}],"about":[{"href":"https:\/\/www.forum-soegel.de\/information\/wp-json\/wp\/v2\/types\/post"}],"author":[{"embeddable":true,"href":"https:\/\/www.forum-soegel.de\/information\/wp-json\/wp\/v2\/users\/2"}],"replies":[{"embeddable":true,"href":"https:\/\/www.forum-soegel.de\/information\/wp-json\/wp\/v2\/comments?post=2199"}],"version-history":[{"count":3,"href":"https:\/\/www.forum-soegel.de\/information\/wp-json\/wp\/v2\/posts\/2199\/revisions"}],"predecessor-version":[{"id":2205,"href":"https:\/\/www.forum-soegel.de\/information\/wp-json\/wp\/v2\/posts\/2199\/revisions\/2205"}],"wp:attachment":[{"href":"https:\/\/www.forum-soegel.de\/information\/wp-json\/wp\/v2\/media?parent=2199"}],"wp:term":[{"taxonomy":"category","embeddable":true,"href":"https:\/\/www.forum-soegel.de\/information\/wp-json\/wp\/v2\/categories?post=2199"},{"taxonomy":"post_tag","embeddable":true,"href":"https:\/\/www.forum-soegel.de\/information\/wp-json\/wp\/v2\/tags?post=2199"}],"curies":[{"name":"wp","href":"https:\/\/api.w.org\/{rel}","templated":true}]}}