{"id":2192,"date":"2010-06-01T00:08:10","date_gmt":"2010-05-31T22:08:10","guid":{"rendered":"https:\/\/www.forum-soegel.de\/information\/?p=2192"},"modified":"2010-05-25T20:14:13","modified_gmt":"2010-05-25T18:14:13","slug":"zu-gast-in-der-kath-bucherei-spahnharrenstatte","status":"publish","type":"post","link":"https:\/\/www.forum-soegel.de\/information\/2010\/06\/zu-gast-in-der-kath-bucherei-spahnharrenstatte\/","title":{"rendered":"Zu Gast in der Kath. B\u00fccherei Spahnharrenst\u00e4tte"},"content":{"rendered":"<p><a href=\"https:\/\/www.forum-soegel.de\/information\/wp-content\/uploads\/2010\/05\/Bild11.jpg\"><img loading=\"lazy\" decoding=\"async\" class=\"alignleft size-thumbnail wp-image-2194\" title=\"Bild1\" src=\"https:\/\/www.forum-soegel.de\/information\/wp-content\/uploads\/2010\/05\/Bild11-150x150.jpg\" alt=\"\" width=\"150\" height=\"150\" \/><\/a>Die Vorschulkinder aus dem Kindergarten Spahnharrenst\u00e4tte waren in diesen Tagen in der Katholischen B\u00fccherei Spahnharrenst\u00e4tte zu Gast.<\/p>\n<p>Bei dem Besuch wurden die Kinder spielerisch an das Medium \u201eBuch\u201c herangef\u00fchrt. Dem B\u00fcchereiteam ist es dabei wichtig, dass die Kinder sich in der B\u00fccherei wohl f\u00fchlen und sich ganz ungehemmt nach \u201eihren\u201c B\u00fcchern umsehen k\u00f6nnen, so B\u00fcchereileiterin Gabriele Roosmann.<\/p>\n<p>In diesem Jahr waren es 17 Kinder, denen Roosmann und ihr Team mit viel Spa\u00df den Aufbau der B\u00fccherei und den Ablauf des Ausleihens gezeigt haben. Sie haben vorgelesen, mit den Kindern gemalt und Spiele veranstaltet. Zum Abschluss wurde in einer kleinen Feier nach einem gesunden Gem\u00fcse- und Obstfr\u00fchst\u00fcck der B\u00fcchereif\u00fchrerschein \u00fcberreicht.<\/p>\n<p>Mit Stolz nahmen die Kinder diesen F\u00fchrerschein entgegen, der ihnen bescheinigt, dass sie sich selbstst\u00e4ndig in der B\u00fccherei aufhalten k\u00f6nnen. Roosmann, die vor einem Jahr die Leitung der B\u00fccherei mit ihrem Ehemann Rainer \u00fcbernommen hat, freut sich \u00fcber die gute Zusammenarbeit mit dem Kindergarten, die sich in vielen gemeinsamen Aktionen widerspiegelt. \u201eWir haben zudem neue Medien in unserer B\u00fccherei aufgenommen, so dass wir jetzt neben B\u00fcchern auch interessante Angebote im Bereich DVD und H\u00f6rb\u00fccher vorhalten k\u00f6nnen\u201c.<\/p>\n<p>Text\/Foto: I C<\/p>\n<div id=\"attachment_2195\" style=\"width: 310px\" class=\"wp-caption alignnone\"><a href=\"https:\/\/www.forum-soegel.de\/information\/wp-content\/uploads\/2010\/05\/zu-Gast-Kazh.jpg\"><img loading=\"lazy\" decoding=\"async\" aria-describedby=\"caption-attachment-2195\" class=\"size-medium wp-image-2195\" title=\"zu Gast Kazh\" src=\"https:\/\/www.forum-soegel.de\/information\/wp-content\/uploads\/2010\/05\/zu-Gast-Kazh-300x201.jpg\" alt=\"\" width=\"300\" height=\"201\" srcset=\"https:\/\/www.forum-soegel.de\/information\/wp-content\/uploads\/2010\/05\/zu-Gast-Kazh-300x201.jpg 300w, https:\/\/www.forum-soegel.de\/information\/wp-content\/uploads\/2010\/05\/zu-Gast-Kazh.jpg 1024w\" sizes=\"auto, (max-width: 300px) 100vw, 300px\" \/><\/a><p id=\"caption-attachment-2195\" class=\"wp-caption-text\">Im Beisein der Erzieherinnen des Kindergartens Spahnharrenst\u00e4tte und des B\u00fcchereiteams wurde den Kindergartenkindern der Bibliotheksf\u00fchrerschein \u00fcberreicht. <\/p><\/div>\n<p>Kath. \u00f6ffentliche B\u00fccherei \u00a0\u00a0<br \/>\nGabriele und Rainer Roosmann<br \/>\nHauptstr. 37, 49751 Spahnharrenst\u00e4tte<br \/>\n05951\/3109<br \/>\nE-Mail: koeb.spahnharrenstaette@web.de<br \/>\n\u00d6ffnungszeiten:<\/p>\n<p>Sonntag \u00a0 9:45h &#8211; 10:45h<\/p>\n<p>Mittwoch 15:00h &#8211; 16:00h<\/p>\n","protected":false},"excerpt":{"rendered":"Die Vorschulkinder aus dem Kindergarten Spahnharrenst\u00e4tte waren in diesen Tagen in der Katholischen B\u00fccherei Spahnharrenst\u00e4tte zu Gast. Bei dem Besuch wurden die Kinder spielerisch an das Medium \u201eBuch\u201c herangef\u00fchrt. Dem B\u00fcchereiteam ist es dabei wichtig, dass die Kinder sich in der B\u00fccherei wohl f\u00fchlen und sich ganz ungehemmt nach \u201eihren\u201c B\u00fcchern umsehen k\u00f6nnen, so B\u00fcchereileiterin [&hellip;]\n","protected":false},"author":2,"featured_media":0,"comment_status":"closed","ping_status":"closed","sticky":false,"template":"","format":"standard","meta":{"ngg_post_thumbnail":0,"footnotes":""},"categories":[3],"tags":[183,181],"class_list":["post-2192","post","type-post","status-publish","format-standard","hentry","category-aktuelles-aus-der-region","tag-bucherei","tag-kob"],"_links":{"self":[{"href":"https:\/\/www.forum-soegel.de\/information\/wp-json\/wp\/v2\/posts\/2192","targetHints":{"allow":["GET"]}}],"collection":[{"href":"https:\/\/www.forum-soegel.de\/information\/wp-json\/wp\/v2\/posts"}],"about":[{"href":"https:\/\/www.forum-soegel.de\/information\/wp-json\/wp\/v2\/types\/post"}],"author":[{"embeddable":true,"href":"https:\/\/www.forum-soegel.de\/information\/wp-json\/wp\/v2\/users\/2"}],"replies":[{"embeddable":true,"href":"https:\/\/www.forum-soegel.de\/information\/wp-json\/wp\/v2\/comments?post=2192"}],"version-history":[{"count":3,"href":"https:\/\/www.forum-soegel.de\/information\/wp-json\/wp\/v2\/posts\/2192\/revisions"}],"predecessor-version":[{"id":2198,"href":"https:\/\/www.forum-soegel.de\/information\/wp-json\/wp\/v2\/posts\/2192\/revisions\/2198"}],"wp:attachment":[{"href":"https:\/\/www.forum-soegel.de\/information\/wp-json\/wp\/v2\/media?parent=2192"}],"wp:term":[{"taxonomy":"category","embeddable":true,"href":"https:\/\/www.forum-soegel.de\/information\/wp-json\/wp\/v2\/categories?post=2192"},{"taxonomy":"post_tag","embeddable":true,"href":"https:\/\/www.forum-soegel.de\/information\/wp-json\/wp\/v2\/tags?post=2192"}],"curies":[{"name":"wp","href":"https:\/\/api.w.org\/{rel}","templated":true}]}}