{"id":2175,"date":"2010-06-01T00:01:13","date_gmt":"2010-05-31T22:01:13","guid":{"rendered":"https:\/\/www.forum-soegel.de\/information\/?p=2175"},"modified":"2010-05-25T19:56:36","modified_gmt":"2010-05-25T17:56:36","slug":"burgerversammlung-des-cdu-ortsverband-werpeloh","status":"publish","type":"post","link":"https:\/\/www.forum-soegel.de\/information\/2010\/06\/burgerversammlung-des-cdu-ortsverband-werpeloh\/","title":{"rendered":"B\u00fcrgerversammlung des CDU-Ortsverband Werpeloh"},"content":{"rendered":"<p>Zu einer \u00f6ffentlichen B\u00fcrgerversammlung hatte in diesen Tagen der CDU-Ortsverband Werpeloh in die Gastst\u00e4tte \u201eWerpeloher Hof\u201c eingeladen.<\/p>\n<p>Ortsvorsitzender Heinz Sandker freute sich \u00fcber die gro\u00dfe Resonanz. \u201eDie alte Tradition, regelm\u00e4\u00dfige B\u00fcrgerversammlungen durchzuf\u00fchren, wollen wir wieder aufgreifen. Euer zahlreiches Erscheinen best\u00e4tigt unsere Ambitionen\u201c. Aus fast allen politischen Bereichen erhielten die Zuh\u00f6rer aktuelle Neuigkeiten aus erster Hand.<\/p>\n<p>So informierte Bundestagsabgeordnete Gitta Connemann \u00fcber die derzeitigen Diskussionen zu den Finanzhilfen an Griechenland, \u00fcber die Vermarktung des Transrapids und stand Rede und Antwort zu den Fragen, die aus dem Publikum an sie gerichtet wurden.<\/p>\n<p>Aus ihren jeweiligen Fachbereichen berichteten Kreistagsmitglied Bernd Schmitz aus Werpeloh, Samtgemeindeb\u00fcrgermeister G\u00fcnter Wigbers sowie B\u00fcrgermeister Hermann Grotjohann.Themen waren unter anderem die Umstellung der Geb\u00fchren im Abwasserbereich, die Behandlung von Biogas- und Photovoltaikanlagen, die aktuelle Schulpolitik und die Erh\u00f6hung der Samtgemeindeumlage.<\/p>\n<p>Text\/Foto: IC<\/p>\n<div id=\"attachment_2176\" style=\"width: 310px\" class=\"wp-caption alignnone\"><a href=\"https:\/\/www.forum-soegel.de\/information\/wp-content\/uploads\/2010\/05\/B\u00fcrgerversammlungWerpelohCDU.jpg\"><img loading=\"lazy\" decoding=\"async\" aria-describedby=\"caption-attachment-2176\" class=\"size-medium wp-image-2176 \" title=\"B\u00fcrgerversammlungWerpelohCDU\" src=\"https:\/\/www.forum-soegel.de\/information\/wp-content\/uploads\/2010\/05\/B\u00fcrgerversammlungWerpelohCDU-300x225.jpg\" alt=\"\" width=\"300\" height=\"225\" srcset=\"https:\/\/www.forum-soegel.de\/information\/wp-content\/uploads\/2010\/05\/B\u00fcrgerversammlungWerpelohCDU-300x225.jpg 300w, https:\/\/www.forum-soegel.de\/information\/wp-content\/uploads\/2010\/05\/B\u00fcrgerversammlungWerpelohCDU.jpg 1024w\" sizes=\"auto, (max-width: 300px) 100vw, 300px\" \/><\/a><p id=\"caption-attachment-2176\" class=\"wp-caption-text\">Geballte Neuigkeiten aus der Politik gaben v.l. Hermann Grotjohann, Bernd Schmitz, G\u00fcnter Wigbers, Gitta Connemann und Heinz Sandker mit Bernhard Masbaum und Wilhelm Wesseln w\u00e4hrend einer CDU-B\u00fcrgerversammlung in Werpeloh bekannt.<\/p><\/div>\n","protected":false},"excerpt":{"rendered":"Zu einer \u00f6ffentlichen B\u00fcrgerversammlung hatte in diesen Tagen der CDU-Ortsverband Werpeloh in die Gastst\u00e4tte \u201eWerpeloher Hof\u201c eingeladen. Ortsvorsitzender Heinz Sandker freute sich \u00fcber die gro\u00dfe Resonanz. \u201eDie alte Tradition, regelm\u00e4\u00dfige B\u00fcrgerversammlungen durchzuf\u00fchren, wollen wir wieder aufgreifen. Euer zahlreiches Erscheinen best\u00e4tigt unsere Ambitionen\u201c. Aus fast allen politischen Bereichen erhielten die Zuh\u00f6rer aktuelle Neuigkeiten aus erster Hand. [&hellip;]\n","protected":false},"author":2,"featured_media":0,"comment_status":"closed","ping_status":"closed","sticky":false,"template":"","format":"standard","meta":{"ngg_post_thumbnail":0,"footnotes":""},"categories":[3],"tags":[116],"class_list":["post-2175","post","type-post","status-publish","format-standard","hentry","category-aktuelles-aus-der-region","tag-cdu"],"_links":{"self":[{"href":"https:\/\/www.forum-soegel.de\/information\/wp-json\/wp\/v2\/posts\/2175","targetHints":{"allow":["GET"]}}],"collection":[{"href":"https:\/\/www.forum-soegel.de\/information\/wp-json\/wp\/v2\/posts"}],"about":[{"href":"https:\/\/www.forum-soegel.de\/information\/wp-json\/wp\/v2\/types\/post"}],"author":[{"embeddable":true,"href":"https:\/\/www.forum-soegel.de\/information\/wp-json\/wp\/v2\/users\/2"}],"replies":[{"embeddable":true,"href":"https:\/\/www.forum-soegel.de\/information\/wp-json\/wp\/v2\/comments?post=2175"}],"version-history":[{"count":5,"href":"https:\/\/www.forum-soegel.de\/information\/wp-json\/wp\/v2\/posts\/2175\/revisions"}],"predecessor-version":[{"id":2181,"href":"https:\/\/www.forum-soegel.de\/information\/wp-json\/wp\/v2\/posts\/2175\/revisions\/2181"}],"wp:attachment":[{"href":"https:\/\/www.forum-soegel.de\/information\/wp-json\/wp\/v2\/media?parent=2175"}],"wp:term":[{"taxonomy":"category","embeddable":true,"href":"https:\/\/www.forum-soegel.de\/information\/wp-json\/wp\/v2\/categories?post=2175"},{"taxonomy":"post_tag","embeddable":true,"href":"https:\/\/www.forum-soegel.de\/information\/wp-json\/wp\/v2\/tags?post=2175"}],"curies":[{"name":"wp","href":"https:\/\/api.w.org\/{rel}","templated":true}]}}