{"id":2170,"date":"2010-06-01T00:01:03","date_gmt":"2010-05-31T22:01:03","guid":{"rendered":"https:\/\/www.forum-soegel.de\/information\/?p=2170"},"modified":"2010-05-25T19:49:32","modified_gmt":"2010-05-25T17:49:32","slug":"theo-schmees-ubergibt-zepter","status":"publish","type":"post","link":"https:\/\/www.forum-soegel.de\/information\/2010\/06\/theo-schmees-ubergibt-zepter\/","title":{"rendered":"Theo Schmees \u00fcbergibt Zepter"},"content":{"rendered":"<p>Seit der Gr\u00fcndung des Fremdenverkehrsvereins S\u00f6gel e.V. fungierte Theo Schmees als Vorsitzender des Vereines. Nun stellte er sein Amt auf der j\u00fcngsten Generalversammlung im Saal Clemenswerther Hof zur Verf\u00fcgung: \u201eIch habe meine Arbeit gerne gemacht und habe den Aufw\u00e4rtstrend des Tourismus in S\u00f6gel mitgestalten k\u00f6nnen. Jetzt wird es Zeit, die Arbeit in andere H\u00e4nde zu geben.\u201c<\/p>\n<p>Matthias Grohmann aus S\u00f6gel \u00fcbernahm nach einem einstimmigen Wahlergebnis die F\u00fchrung des Vorstandes. Noch vor seiner Wahl wurde der Verein auf Vorschlag des bisherigen Vorstandes auf den Namen \u201eTouristikverein S\u00f6gel e.V.\u201c umbenannt. Schmees blickte indes auf das abgelaufene Vereinsjahr zur\u00fcck und erinnerte an die gut besuchten Veranstaltungen auf Schloss Clemenswerth, wie\u00a0 beispielsweise das Konzert der Tinner J\u00e4ger. Die \u201eGuckis\u201c seien mit viel Eigeninitiative instand gesetzt worden. Einen Dank richtete er an die G\u00e4stef\u00fchrer, den Nachtw\u00e4chter sowie die Planwagenfahrer, die alle im Dienste des Fremdenverkehrsvereins gute Arbeit geleistet h\u00e4tten. Zudem bedankte er sich bei den anwesenden Vertretern aus Rat und Verwaltung der Gemeinde S\u00f6gel, auf deren Unterst\u00fctzung sich der Verein stets h\u00e4tte verlassen k\u00f6nnen.\u00a0 Gemeindedirektor G\u00fcnter Wigbers erwiderte den Dank und informierte, dass derzeit daran gearbeitet werde, die Kr\u00e4fte des H\u00fcmmlings zu b\u00fcndeln und einen konzeptionellen Zusammenschluss zu planen. Ein erster Schritt in dieser Richtung sei das von einem Planungsb\u00fcro gemeinsam mit sachkundigen H\u00fcmmlingern erstellte Tourismuskonzept.<\/p>\n<p>Gesch\u00e4ftsf\u00fchrer Bernd Sauerbrey informierte in seinem Bericht \u00fcber die Entwicklung der Tourismusbranche in S\u00f6gel. \u201eDie \u00dcbernachtungszahlen konnten nochmals gesteigert werden. Wir hatten in 2009 146.737 \u00dcbernachtungen zu verzeichnen.\u201c Besonders gut w\u00fcrde das neue Tourismusb\u00fcro in der Ortsmitte angenommen. \u201eWir haben jetzt fast doppelt so viele Besucher und G\u00e4ste in der Tourist-Info als im alten Geb\u00e4ude an der Schlaunallee!\u201c Au\u00dferdem stellte er die \u201eS\u00f6geler Entdeckungstour\u201c vor, eine Spazierroute quer durch S\u00f6gel.<\/p>\n<p>Als Gastredner informierte Museumsdirektor Oliver Fok vom Schloss Clemenswerth die Anwesenden \u00fcber das neue Museumsprogramm. \u201eWir haben im vergangenen Jahr einen gro\u00dfen Erfolg verzeichnen k\u00f6nnen. Auf den Besucherzuwachs von \u00fcber 43 Prozent sind wir stolz. Unser neues Museumskonzept hat sich damit best\u00e4tigt.\u201c Doch er wolle sich jetzt nicht auf die guten Besucherzahlen ausruhen sondern strebe eine stetige Attraktivit\u00e4tssteigerung des Schlosses an. So sei f\u00fcr 2010 ein neuer Museumsfilm erstellt, eine Kreativk\u00fcche und ein heimeliges M\u00e4rchenzimmer eingerichtet worden. Kost\u00fcmierte F\u00fchrungen bereichern ebenso das Programm wie die Anschaffung von museumseigenen Bollerwagen. \u00a0<\/p>\n<p>Text\/Foto: Ingrid Cloppenburg<\/p>\n<div id=\"attachment_2171\" style=\"width: 310px\" class=\"wp-caption alignnone\"><a href=\"https:\/\/www.forum-soegel.de\/information\/wp-content\/uploads\/2010\/05\/Touristikverein2010.jpg\"><img loading=\"lazy\" decoding=\"async\" aria-describedby=\"caption-attachment-2171\" class=\"size-medium wp-image-2171\" title=\"Touristikverein2010\" src=\"https:\/\/www.forum-soegel.de\/information\/wp-content\/uploads\/2010\/05\/Touristikverein2010-300x225.jpg\" alt=\"\" width=\"300\" height=\"225\" srcset=\"https:\/\/www.forum-soegel.de\/information\/wp-content\/uploads\/2010\/05\/Touristikverein2010-300x225.jpg 300w, https:\/\/www.forum-soegel.de\/information\/wp-content\/uploads\/2010\/05\/Touristikverein2010.jpg 1024w\" sizes=\"auto, (max-width: 300px) 100vw, 300px\" \/><\/a><p id=\"caption-attachment-2171\" class=\"wp-caption-text\">Gro\u00dfer Dank und Anerkennung f\u00fcr seine geleistete Arbeit zum Wohle des Fremdenverkehrs wurden Theo Schmees (4.v.l.) auf der j\u00fcngsten Versammlung des \u201eumfirmierten\u201c Touristikvereins S\u00f6gel e.V. ausgesprochen. Es bedankten sich die Vorstandskollegen Eckhard John\u00dfen, Helmut Westermann, Matthias Grohmann, Frank Kla\u00df, Bernd Sauerbrey und Willi Dei\u00df. <\/p><\/div>\n","protected":false},"excerpt":{"rendered":"Seit der Gr\u00fcndung des Fremdenverkehrsvereins S\u00f6gel e.V. fungierte Theo Schmees als Vorsitzender des Vereines. Nun stellte er sein Amt auf der j\u00fcngsten Generalversammlung im Saal Clemenswerther Hof zur Verf\u00fcgung: \u201eIch habe meine Arbeit gerne gemacht und habe den Aufw\u00e4rtstrend des Tourismus in S\u00f6gel mitgestalten k\u00f6nnen. Jetzt wird es Zeit, die Arbeit in andere H\u00e4nde zu [&hellip;]\n","protected":false},"author":2,"featured_media":0,"comment_status":"closed","ping_status":"closed","sticky":false,"template":"","format":"standard","meta":{"ngg_post_thumbnail":0,"footnotes":""},"categories":[3],"tags":[331],"class_list":["post-2170","post","type-post","status-publish","format-standard","hentry","category-aktuelles-aus-der-region","tag-touristikverein"],"_links":{"self":[{"href":"https:\/\/www.forum-soegel.de\/information\/wp-json\/wp\/v2\/posts\/2170","targetHints":{"allow":["GET"]}}],"collection":[{"href":"https:\/\/www.forum-soegel.de\/information\/wp-json\/wp\/v2\/posts"}],"about":[{"href":"https:\/\/www.forum-soegel.de\/information\/wp-json\/wp\/v2\/types\/post"}],"author":[{"embeddable":true,"href":"https:\/\/www.forum-soegel.de\/information\/wp-json\/wp\/v2\/users\/2"}],"replies":[{"embeddable":true,"href":"https:\/\/www.forum-soegel.de\/information\/wp-json\/wp\/v2\/comments?post=2170"}],"version-history":[{"count":3,"href":"https:\/\/www.forum-soegel.de\/information\/wp-json\/wp\/v2\/posts\/2170\/revisions"}],"predecessor-version":[{"id":2174,"href":"https:\/\/www.forum-soegel.de\/information\/wp-json\/wp\/v2\/posts\/2170\/revisions\/2174"}],"wp:attachment":[{"href":"https:\/\/www.forum-soegel.de\/information\/wp-json\/wp\/v2\/media?parent=2170"}],"wp:term":[{"taxonomy":"category","embeddable":true,"href":"https:\/\/www.forum-soegel.de\/information\/wp-json\/wp\/v2\/categories?post=2170"},{"taxonomy":"post_tag","embeddable":true,"href":"https:\/\/www.forum-soegel.de\/information\/wp-json\/wp\/v2\/tags?post=2170"}],"curies":[{"name":"wp","href":"https:\/\/api.w.org\/{rel}","templated":true}]}}