{"id":217,"date":"2010-02-06T16:22:03","date_gmt":"2010-02-06T14:22:03","guid":{"rendered":"https:\/\/www.forum-soegel.de\/information\/?p=217"},"modified":"2010-03-19T12:49:47","modified_gmt":"2010-03-19T10:49:47","slug":"am-21-februar-fahrsport-in-der-reithalle-am-jagerhof","status":"publish","type":"post","link":"https:\/\/www.forum-soegel.de\/information\/2010\/02\/am-21-februar-fahrsport-in-der-reithalle-am-jagerhof\/","title":{"rendered":"Am 21. Februar Fahrsport in der Reithalle am J\u00e4gerhof"},"content":{"rendered":"<p>Der Reit- und Fahrverein S\u00f6gel hat eine lange Tradition als Veranstalter auch \u00fcberregionaler Reitsportveranstaltungen, aber auch ein Herz f\u00fcr den Fahrsport. Dabei geht es nicht mehr um die Pr\u00e4sentation des Spitzensports in dieser Disziplin, wie noch vor einigen Jahren, sondern seit 3 Jahren gilt in S\u00f6gel ein neues Konzept, das sich bei den ersten beiden Veranstaltungen eindrucksvoll bew\u00e4hrt hat. Im Mittelpunkt stehen dabei Nachwuchsgespanne Ein- Zwei- und Viersp\u00e4nner Pferde und Ponys der Klassen E und A, sowie Junioren der Jahrg\u00e4nge 1993 und j\u00fcnger.<\/p>\n<p>In einem kombinierten Hindernisparcours mit zwei Gel\u00e4ndehindernissen werden am 21. Februar die ersten Gespanne schon morgens um 9.00 Uhr in der Reithalle am J\u00e4gerhof an den Start gehen und in zwei Durchg\u00e4ngen Sieger und Placierte ermitteln. Bis auf eine Mittagspause wird den ganzen Tag \u00fcber Fahrsport in allen Facetten geboten. Dabei sollte man die \u201eNachwuchsfahrer\u201c und unter ihnen besonders die immer st\u00e4rker werdende \u201eFrauenpower\u201c keinesfalls untersch\u00e4tzen, denn viele agieren schon wie die \u201eProfis\u201c, wenn sie im gestreckten Galopp die Gespanne durch die Hindernisse lenken.<\/p>\n<p>F\u00fcr viele Teilnehmer ist es schon ein Erlebnis in einer hoffentlich voll besetzten Halle, die auch noch die f\u00fcr den Fahrsport notwendige Parcoursgr\u00f6\u00dfe hat, zu starten und in fairen Wettk\u00e4mpfen zu zeigen, welche Faszination vom Fahrsport f\u00fcr Akteure und Zuschauer ausgehen kann.<\/p>\n<p>Ein Besuch der Reithalle am J\u00e4gerhof lohnt sich also, zumal der Verein auch an das leibliche Wohl der Besucher sorgen wird.<\/p>\n<p><a href=\"https:\/\/www.forum-soegel.de\/information\/wp-content\/uploads\/2010\/02\/Fahrturnier1.jpg\"><img loading=\"lazy\" decoding=\"async\" class=\"alignleft size-thumbnail wp-image-221\" title=\"Fahrturnier\" src=\"https:\/\/www.forum-soegel.de\/information\/wp-content\/uploads\/2010\/02\/Fahrturnier1-150x150.jpg\" alt=\"\" width=\"150\" height=\"150\" \/><\/a><\/p>\n<p>In der Reithalle am J\u00e4gerhof wird nat\u00fcrlich auch der Lokalmatador Andreas Lau an den Start gehen, der bei den Euregio-Hallenfahrturnieren schon gezeigt hat, da\u00df auch in S\u00f6gel eine Placierung m\u00f6glich sein m\u00fc\u00dfte.<\/p>\n","protected":false},"excerpt":{"rendered":"Der Reit- und Fahrverein S\u00f6gel hat eine lange Tradition als Veranstalter auch \u00fcberregionaler Reitsportveranstaltungen, aber auch ein Herz f\u00fcr den Fahrsport. Dabei geht es nicht mehr um die Pr\u00e4sentation des Spitzensports in dieser Disziplin, wie noch vor einigen Jahren, sondern seit 3 Jahren gilt in S\u00f6gel ein neues Konzept, das sich bei den ersten beiden [&hellip;]\n","protected":false},"author":2,"featured_media":0,"comment_status":"closed","ping_status":"closed","sticky":false,"template":"","format":"standard","meta":{"ngg_post_thumbnail":0,"footnotes":""},"categories":[5],"tags":[35,34,33,32],"class_list":["post-217","post","type-post","status-publish","format-standard","hentry","category-was-machen-die-vereine","tag-euregio-hallenfahrturnier","tag-fahrsport","tag-jagerhof","tag-reithalle"],"_links":{"self":[{"href":"https:\/\/www.forum-soegel.de\/information\/wp-json\/wp\/v2\/posts\/217","targetHints":{"allow":["GET"]}}],"collection":[{"href":"https:\/\/www.forum-soegel.de\/information\/wp-json\/wp\/v2\/posts"}],"about":[{"href":"https:\/\/www.forum-soegel.de\/information\/wp-json\/wp\/v2\/types\/post"}],"author":[{"embeddable":true,"href":"https:\/\/www.forum-soegel.de\/information\/wp-json\/wp\/v2\/users\/2"}],"replies":[{"embeddable":true,"href":"https:\/\/www.forum-soegel.de\/information\/wp-json\/wp\/v2\/comments?post=217"}],"version-history":[{"count":8,"href":"https:\/\/www.forum-soegel.de\/information\/wp-json\/wp\/v2\/posts\/217\/revisions"}],"predecessor-version":[{"id":220,"href":"https:\/\/www.forum-soegel.de\/information\/wp-json\/wp\/v2\/posts\/217\/revisions\/220"}],"wp:attachment":[{"href":"https:\/\/www.forum-soegel.de\/information\/wp-json\/wp\/v2\/media?parent=217"}],"wp:term":[{"taxonomy":"category","embeddable":true,"href":"https:\/\/www.forum-soegel.de\/information\/wp-json\/wp\/v2\/categories?post=217"},{"taxonomy":"post_tag","embeddable":true,"href":"https:\/\/www.forum-soegel.de\/information\/wp-json\/wp\/v2\/tags?post=217"}],"curies":[{"name":"wp","href":"https:\/\/api.w.org\/{rel}","templated":true}]}}