{"id":21653,"date":"2017-05-31T16:22:46","date_gmt":"2017-05-31T14:22:46","guid":{"rendered":"https:\/\/www.forum-soegel.de\/information\/?p=21653"},"modified":"2017-05-31T16:22:46","modified_gmt":"2017-05-31T14:22:46","slug":"vom-erfahrungsaustausch-im-klimaschutz-profitieren","status":"publish","type":"post","link":"https:\/\/www.forum-soegel.de\/information\/2017\/05\/vom-erfahrungsaustausch-im-klimaschutz-profitieren\/","title":{"rendered":"Vom Erfahrungsaustausch im Klimaschutz profitieren"},"content":{"rendered":"<p><strong>Kooperationspartner aus der Region Zubra zu Gast<\/strong><\/p>\n<p>H\u00fcmmling &#8211; Die Energieregion H\u00fcmmling nimmt an dem Projekt Regio-Twin teil, in dem \u00fcber das Twinning-Prizip der Wissenstransfer zwischen ausgew\u00e4hlten Kommunen und Regionen in ganz Deutschland gef\u00f6rdert wird. Kooperationspartner ist die Region Zubra in Nordhessen, mit der der H\u00fcmmling seit Sommer letzten Jahres eng zusammen arbeitet und durch Regio-Twin-Berater\u00a0 unterst\u00fctzt wird.<\/p>\n<p>Nowak wies darauf hin, dass der interkommunalen Zusammenarbeit eine immer gr\u00f6\u00dfere Bedeutung beigemessen werde. So habe der H\u00fcmmling bereits eine erfolgreiche LEADER-F\u00f6rder-Periode hinter sich gebracht und sei nun mit der Samtgemeinde Lathen erfolgreich in eine neue F\u00f6rderperiode gelangt.<\/p>\n<p>Als Beispiele der interkommunalen Zusammenarbeit nannte er die Gr\u00fcndung des Naturpark H\u00fcmmling sowie die schon l\u00e4nger bestehende Kooperation \u201eErholungsgebiet H\u00fcmmling\u201c. Daher verspreche er sich von der Kooperation mit der ausgezeichneten Klimaregion Zubra weitere Erkenntnisse zum Vorankommen beim Klimaschutz.<\/p>\n<p>Dem stimmte der B\u00fcrgermeister aus Alheim (Nordhessen) Georg L\u00fcdtke zu. Auch die Gemeinden aus der Region Zubra seien sehr an der Zusammenarbeit interessiert. Eine Besichtigung verschiedener Anlagen wie in Lathen die INTIS Gmbh (ehemaliges Transrapidgel\u00e4nde, Elektromobilit\u00e4t) und in Vrees u.a. das Umweltbildungszentrum ist daher auch Bestandteil ihrer Reise auf dem H\u00fcmmling. Begleitet und unterst\u00fctzt wird die Delegation dabei von den beiden Klimaschutzmanagern des H\u00fcmmlings Kathrin Klaffke und Dennis Reus.<\/p>\n<p>L\u00fcdtke selbst konnte auch \u00fcber erfolgreiche Projekte aus seiner Gemeinde und der Region Zubra berichten. So erhielt die Gemeinde Alheim den Deutschen Nachhaltigkeitspreis in der Kategorie f\u00fcr \u201eDeutschlands nachhaltigste Kleinst\u00e4dte und Gemeinden 2016\u201c. Alheim setze dabei auf einen Mix aus Photovoltaik und Solarthermie, erg\u00e4nzt durch Energiegewinnung aus Wasserkraft sowie Biomasse, berichtete L\u00fcdtke. Die Gemeinde leiste mit bisher 43.000t CO2-Einsparungen seit 2006 nicht nur einen gro\u00dfen Beitrag zum Klimaschutz \u2013 dar\u00fcber hinaus konnten \u00fcber 200 neue Arbeitspl\u00e4tze und 25 Ausbildungspl\u00e4tze im Bereich der erneuerbaren Energietechniken geschaffen werden.<\/p>\n<p>Gemeinsam war man sich einig, den gegenseitigen Austausch fortzusetzen und in Sachen Klimaschutz neue Akzente zu setzen.<\/p>\n<p>Text\/Foto: Samtgemeinde S\u00f6gel<\/p>\n<div id=\"attachment_21654\" style=\"width: 310px\" class=\"wp-caption alignnone\"><a href=\"https:\/\/www.forum-soegel.de\/information\/wp-content\/uploads\/2017\/05\/Klimaschutz-Austausch-Twin-Partner.jpg\"><img loading=\"lazy\" decoding=\"async\" aria-describedby=\"caption-attachment-21654\" class=\"size-medium wp-image-21654\" title=\"Klimaschutz Austausch Twin-Partner\" src=\"https:\/\/www.forum-soegel.de\/information\/wp-content\/uploads\/2017\/05\/Klimaschutz-Austausch-Twin-Partner-300x225.jpg\" alt=\"\" width=\"300\" height=\"225\" srcset=\"https:\/\/www.forum-soegel.de\/information\/wp-content\/uploads\/2017\/05\/Klimaschutz-Austausch-Twin-Partner-300x225.jpg 300w, https:\/\/www.forum-soegel.de\/information\/wp-content\/uploads\/2017\/05\/Klimaschutz-Austausch-Twin-Partner.jpg 1024w\" sizes=\"auto, (max-width: 300px) 100vw, 300px\" \/><\/a><p id=\"caption-attachment-21654\" class=\"wp-caption-text\">Eine Delegation aus der Region Zubra war im Klimacenter in Werlte zu Gast. V.l.n.r. Die H\u00fcmmlinger Klimaschutzmanager Kathrin Klaffke und Dennis Reu\u00df, Joanna Al Samarraie (Management Regio Twin Projekt, Uni Kassel), Ahmed Al Samarraie (Umweltbildungszentrum Licherode) B\u00fcrgermeister aus Alheim Georg L\u00fcdtke und der Erste Samtgemeinderat aus S\u00f6gel Hans Nowak tauschten sich dabei \u00fcber verschiedene Klimaschutzkonzepte der beiden Partnerregionen aus.<\/p><\/div>\n","protected":false},"excerpt":{"rendered":"Kooperationspartner aus der Region Zubra zu Gast H\u00fcmmling &#8211; Die Energieregion H\u00fcmmling nimmt an dem Projekt Regio-Twin teil, in dem \u00fcber das Twinning-Prizip der Wissenstransfer zwischen ausgew\u00e4hlten Kommunen und Regionen in ganz Deutschland gef\u00f6rdert wird. Kooperationspartner ist die Region Zubra in Nordhessen, mit der der H\u00fcmmling seit Sommer letzten Jahres eng zusammen arbeitet und durch [&hellip;]\n","protected":false},"author":2,"featured_media":0,"comment_status":"closed","ping_status":"closed","sticky":false,"template":"","format":"standard","meta":{"ngg_post_thumbnail":0,"footnotes":""},"categories":[3],"tags":[],"class_list":["post-21653","post","type-post","status-publish","format-standard","hentry","category-aktuelles-aus-der-region"],"_links":{"self":[{"href":"https:\/\/www.forum-soegel.de\/information\/wp-json\/wp\/v2\/posts\/21653","targetHints":{"allow":["GET"]}}],"collection":[{"href":"https:\/\/www.forum-soegel.de\/information\/wp-json\/wp\/v2\/posts"}],"about":[{"href":"https:\/\/www.forum-soegel.de\/information\/wp-json\/wp\/v2\/types\/post"}],"author":[{"embeddable":true,"href":"https:\/\/www.forum-soegel.de\/information\/wp-json\/wp\/v2\/users\/2"}],"replies":[{"embeddable":true,"href":"https:\/\/www.forum-soegel.de\/information\/wp-json\/wp\/v2\/comments?post=21653"}],"version-history":[{"count":1,"href":"https:\/\/www.forum-soegel.de\/information\/wp-json\/wp\/v2\/posts\/21653\/revisions"}],"predecessor-version":[{"id":21655,"href":"https:\/\/www.forum-soegel.de\/information\/wp-json\/wp\/v2\/posts\/21653\/revisions\/21655"}],"wp:attachment":[{"href":"https:\/\/www.forum-soegel.de\/information\/wp-json\/wp\/v2\/media?parent=21653"}],"wp:term":[{"taxonomy":"category","embeddable":true,"href":"https:\/\/www.forum-soegel.de\/information\/wp-json\/wp\/v2\/categories?post=21653"},{"taxonomy":"post_tag","embeddable":true,"href":"https:\/\/www.forum-soegel.de\/information\/wp-json\/wp\/v2\/tags?post=21653"}],"curies":[{"name":"wp","href":"https:\/\/api.w.org\/{rel}","templated":true}]}}