{"id":21639,"date":"2017-05-14T15:28:58","date_gmt":"2017-05-14T13:28:58","guid":{"rendered":"https:\/\/www.forum-soegel.de\/information\/?p=21639"},"modified":"2017-05-14T15:28:58","modified_gmt":"2017-05-14T13:28:58","slug":"rodder-kratzbursten-sorgten-fur-ausverkaufte-aula","status":"publish","type":"post","link":"https:\/\/www.forum-soegel.de\/information\/2017\/05\/rodder-kratzbursten-sorgten-fur-ausverkaufte-aula\/","title":{"rendered":"Rodder Kratzb\u00fcrsten sorgten f\u00fcr ausverkaufte Aula"},"content":{"rendered":"<p>S\u00f6gel. &#8211; Mit ihrem Programm &#8222;Frauen beim Friseur&#8230; stehen vor einem R\u00e4tsel&#8220; sorgten die Rodder Kratzb\u00fcrsten aus Rheine k\u00fcrzlich in der Aula des H\u00fcmmling Gymnasiums in S\u00f6gel f\u00fcr gute Stimmung. Annelene Abeln, Gleichstellungsbeauftragte der Samtgemeinde S\u00f6gel, war es gelungen, die sieben Powerfrauen Hildegard Beckmann, Inge Heskamp, Erika Heeke, Birgit Temming, Marita Tieke, Heike Vienerius und Ruth Wissing Stegemann f\u00fcr einen Auftritt nachtr\u00e4glich zum Internationalen Tag der Frau zu gewinnen. Sie bewies einen guten Riecher: Die Aula war ausverkauft, viele weitere Kartenanfragen konnten nicht bedient werden. Die Zuschauer kamen voll auf ihre Kosten und belohnten den Auftritt mit anhaltendem Applaus.<\/p>\n<p>Die Rodder Kratzb\u00fcrsten nahmen typisch weibliche Verhaltensweisen aufs Korn und servierten einen Mix aus Comedy, Kabarett und Gesang. Die Frauen hielten sich bei ihrem Auftritt auf eine sehr charmante, kratzb\u00fcrstige Art den Spiegel vor. &#8222;\u00dcber sich selbst zu lachen macht doch am meisten Spa\u00df&#8220;, res\u00fcmierte Inge Heskamp. &#8222;Wir erz\u00e4hlen Geschichten, die das Leben schreibt&#8220;, erg\u00e4nzte Erika Heeke. Mit ihrem neuen Programm \u201eFrauen beim Fris\u00f6r \u2013 stehen vor einem R\u00e4tsel!\u201c konnten sich Jung und Alt \u2013 Mann und Frau &#8211; an diesem Abend in der einen oder anderen Situation wiedererkennen. Es wurden so manches R\u00e4tsel \u00fcber die Frauen \u2013 und M\u00e4nnerwelt gel\u00f6st. Die Kratzb\u00fcrsten haben die Vorurteile gegen\u00fcber Frauen und M\u00e4nnern in unterschiedlichen Szenen z.B. im Fris\u00f6rsalon, im Caf\u00e9, im Wohnzimmer beim Fu\u00dfball gucken usw. unter die Lupe genommen. Vielen G\u00e4sten liefen die Tr\u00e4nen vor Lachen \u2013 so war es kein Wunder, dass es nach dem Programm einen tobenden Applaus und standing ovation gab.<\/p>\n<p>Die Auftritte der Rodder Kratzb\u00fcrsten sind weder politisch, noch gehen sie unter die G\u00fcrtellinie, darauf legen die Akteurinnen wert. Seit 2008 stehen die Frauen jetzt schon gemeinsam auf der B\u00fchne.<\/p>\n<p>Zum Abschluss des Abends lud Abeln zum B\u00fcffet und zu einem kleinen Umtrunk ein. Sie durfte viel Lob f\u00fcr die gelungene Veranstaltung annehmen. Dank f\u00fcr ihren Einsatz erhielt sie ebenfalls vom Ersten Samtgemeinderat Hans Nowak, der vorab Gr\u00fc\u00dfe der Samtgemeinde S\u00f6gel \u00fcbermittelte und die zahlreichen G\u00e4ste aus der n\u00e4heren und weiteren Umgebung in der Aula willkommen hie\u00df.<\/p>\n<p>Foto: Samtgemeinde S\u00f6gel<\/p>\n<div id=\"attachment_21640\" style=\"width: 310px\" class=\"wp-caption alignnone\"><a href=\"https:\/\/www.forum-soegel.de\/information\/wp-content\/uploads\/2017\/05\/NUR-INTERNET-Rodder-Kratzb\u00fcrsten-sorgten-f\u00fcr-ausverkaufte-Aula.jpg\"><img loading=\"lazy\" decoding=\"async\" aria-describedby=\"caption-attachment-21640\" class=\"size-medium wp-image-21640\" title=\"NUR INTERNET!!! Rodder Kratzb\u00fcrsten sorgten f\u00fcr ausverkaufte Aula\" src=\"https:\/\/www.forum-soegel.de\/information\/wp-content\/uploads\/2017\/05\/NUR-INTERNET-Rodder-Kratzb\u00fcrsten-sorgten-f\u00fcr-ausverkaufte-Aula-300x225.jpg\" alt=\"\" width=\"300\" height=\"225\" srcset=\"https:\/\/www.forum-soegel.de\/information\/wp-content\/uploads\/2017\/05\/NUR-INTERNET-Rodder-Kratzb\u00fcrsten-sorgten-f\u00fcr-ausverkaufte-Aula-300x225.jpg 300w, https:\/\/www.forum-soegel.de\/information\/wp-content\/uploads\/2017\/05\/NUR-INTERNET-Rodder-Kratzb\u00fcrsten-sorgten-f\u00fcr-ausverkaufte-Aula.jpg 1024w\" sizes=\"auto, (max-width: 300px) 100vw, 300px\" \/><\/a><p id=\"caption-attachment-21640\" class=\"wp-caption-text\">Die \u201eRodder Kratzb\u00fcrsten\u201c traten in S\u00f6gel nachtr\u00e4glich zum Internationalen Tag der Frau auf.<\/p><\/div>\n","protected":false},"excerpt":{"rendered":"S\u00f6gel. &#8211; Mit ihrem Programm &#8222;Frauen beim Friseur&#8230; stehen vor einem R\u00e4tsel&#8220; sorgten die Rodder Kratzb\u00fcrsten aus Rheine k\u00fcrzlich in der Aula des H\u00fcmmling Gymnasiums in S\u00f6gel f\u00fcr gute Stimmung. Annelene Abeln, Gleichstellungsbeauftragte der Samtgemeinde S\u00f6gel, war es gelungen, die sieben Powerfrauen Hildegard Beckmann, Inge Heskamp, Erika Heeke, Birgit Temming, Marita Tieke, Heike Vienerius und [&hellip;]\n","protected":false},"author":2,"featured_media":0,"comment_status":"closed","ping_status":"closed","sticky":false,"template":"","format":"standard","meta":{"ngg_post_thumbnail":0,"footnotes":""},"categories":[3],"tags":[],"class_list":["post-21639","post","type-post","status-publish","format-standard","hentry","category-aktuelles-aus-der-region"],"_links":{"self":[{"href":"https:\/\/www.forum-soegel.de\/information\/wp-json\/wp\/v2\/posts\/21639","targetHints":{"allow":["GET"]}}],"collection":[{"href":"https:\/\/www.forum-soegel.de\/information\/wp-json\/wp\/v2\/posts"}],"about":[{"href":"https:\/\/www.forum-soegel.de\/information\/wp-json\/wp\/v2\/types\/post"}],"author":[{"embeddable":true,"href":"https:\/\/www.forum-soegel.de\/information\/wp-json\/wp\/v2\/users\/2"}],"replies":[{"embeddable":true,"href":"https:\/\/www.forum-soegel.de\/information\/wp-json\/wp\/v2\/comments?post=21639"}],"version-history":[{"count":1,"href":"https:\/\/www.forum-soegel.de\/information\/wp-json\/wp\/v2\/posts\/21639\/revisions"}],"predecessor-version":[{"id":21641,"href":"https:\/\/www.forum-soegel.de\/information\/wp-json\/wp\/v2\/posts\/21639\/revisions\/21641"}],"wp:attachment":[{"href":"https:\/\/www.forum-soegel.de\/information\/wp-json\/wp\/v2\/media?parent=21639"}],"wp:term":[{"taxonomy":"category","embeddable":true,"href":"https:\/\/www.forum-soegel.de\/information\/wp-json\/wp\/v2\/categories?post=21639"},{"taxonomy":"post_tag","embeddable":true,"href":"https:\/\/www.forum-soegel.de\/information\/wp-json\/wp\/v2\/tags?post=21639"}],"curies":[{"name":"wp","href":"https:\/\/api.w.org\/{rel}","templated":true}]}}