{"id":20685,"date":"2017-01-01T01:01:35","date_gmt":"2017-01-01T00:01:35","guid":{"rendered":"https:\/\/www.forum-soegel.de\/information\/?p=20685"},"modified":"2016-12-30T21:25:11","modified_gmt":"2016-12-30T20:25:11","slug":"ofters-ins-museum-mit-der-saisonkarte","status":"publish","type":"post","link":"https:\/\/www.forum-soegel.de\/information\/2017\/01\/ofters-ins-museum-mit-der-saisonkarte\/","title":{"rendered":"\u00d6fters ins Museum mit der Saisonkarte"},"content":{"rendered":"<p><img loading=\"lazy\" decoding=\"async\" class=\"alignleft size-full wp-image-17258\" title=\"Schloss Clemenswerth\" src=\"https:\/\/www.forum-soegel.de\/information\/wp-content\/uploads\/2015\/09\/Schloss-Clemenswerth.jpg\" alt=\"\" width=\"201\" height=\"130\" \/>S\u00f6gel &#8211; Die Planungen f\u00fcr das Museumsjahr 2017 auf Schloss Clemenswerth sind abgeschlossen. \u201eAuch in diesem Jahr darf man sich auf mehr als 100 Veranstaltungen freuen\u201c, verspricht Museumsdirektor Oliver Fok. Neben den etablierten Events Ostern auf Schloss Clemenswerth (16.04.), dem Rosenfest (10.\/11.06.) mit dem NDR-Pflanzenarzt Rene Wadas, dem Kunstmarkt ParkArt (12.\/13.08.), dem Falknertag (03.09.), der Schleppjagd (24.09.) und dem Advent\u00a0 auf Schloss Clemenswerth (09.\/10.12.) gibt es eine Reihe von Terminen f\u00fcr Erwachsene, Kinder und Familien. Neben den beliebten Veranstaltungen wie Taschenlampenf\u00fchrungen oder T\u00f6pferwerkst\u00e4tten gibt es auch einige neue Formate wie eine Kunst-Insel-Fahrradf\u00fchrung (14.06.) oder eine Klangschalenmeditation im Klostergarten (31.08.).<\/p>\n<p>Auch die Sonderausstellungen fehlen nicht im Programm. Den Start macht eine Schau \u00fcber den K\u00fcnstler Emil Maetzel (01.04. \u2013 18.06.), der treibende Kraft der Hamburger Sezession war. In der traditionsreichen Reihe ForumFormClemenswerth sind drei Ausstellungen zu sehen. Klaus Joachim Albert aus Mecklenburg-Vorpommern bespielt vom 1.04. bis 30.10. mit seinen Stahlskulpturen die Teichinseln und vermittelt neue Blickwinkel auf die Parkanlage. In der Ausstellung \u201ePorzellan trifft Malerei\u201c (24.06. \u2013 27.08.) zeigen die Keramikerin Jutta Albert aus Mecklenburg-Vorpommern und der Maler Martin Conrad aus Hamburg Arbeiten, die beide von der Zeichnung gepr\u00e4gt sind. Ab dem 02.09. bis 31.10. pr\u00e4sentiert die Japanerin Mutsumi Aoki wunderbare Papierskulpturen.<\/p>\n<p>Auch in 2017 gibt es wieder die Saisonkarte. Besitzer dieser haben \u00fcber das gesamte Museumsjahr f\u00fcr nur 15 \u20ac Zutritt in das Museum mit seinen Ausstellungen, in den Klostergarten sowie zum Rosenfest, zum Kunstmarkt ParkArt und zum Advent auf Schloss Clemenswerth. K\u00e4uflich zu erwerben ist die Karte in der Museumsverwaltung sowie in der Tourist-Information.<\/p>\n<p>Der Veranstaltungskalender 2017 liegt im kommenden Monat in gedruckter Form vor!<\/p>\n<p>Text: Ramona Krons<\/p>\n<p>&nbsp;<\/p>\n<p>&nbsp;<\/p>\n","protected":false},"excerpt":{"rendered":"S\u00f6gel &#8211; Die Planungen f\u00fcr das Museumsjahr 2017 auf Schloss Clemenswerth sind abgeschlossen. \u201eAuch in diesem Jahr darf man sich auf mehr als 100 Veranstaltungen freuen\u201c, verspricht Museumsdirektor Oliver Fok. Neben den etablierten Events Ostern auf Schloss Clemenswerth (16.04.), dem Rosenfest (10.\/11.06.) mit dem NDR-Pflanzenarzt Rene Wadas, dem Kunstmarkt ParkArt (12.\/13.08.), dem Falknertag (03.09.), der [&hellip;]\n","protected":false},"author":2,"featured_media":0,"comment_status":"closed","ping_status":"closed","sticky":false,"template":"","format":"standard","meta":{"ngg_post_thumbnail":0,"footnotes":""},"categories":[3],"tags":[],"class_list":["post-20685","post","type-post","status-publish","format-standard","hentry","category-aktuelles-aus-der-region"],"_links":{"self":[{"href":"https:\/\/www.forum-soegel.de\/information\/wp-json\/wp\/v2\/posts\/20685","targetHints":{"allow":["GET"]}}],"collection":[{"href":"https:\/\/www.forum-soegel.de\/information\/wp-json\/wp\/v2\/posts"}],"about":[{"href":"https:\/\/www.forum-soegel.de\/information\/wp-json\/wp\/v2\/types\/post"}],"author":[{"embeddable":true,"href":"https:\/\/www.forum-soegel.de\/information\/wp-json\/wp\/v2\/users\/2"}],"replies":[{"embeddable":true,"href":"https:\/\/www.forum-soegel.de\/information\/wp-json\/wp\/v2\/comments?post=20685"}],"version-history":[{"count":2,"href":"https:\/\/www.forum-soegel.de\/information\/wp-json\/wp\/v2\/posts\/20685\/revisions"}],"predecessor-version":[{"id":20687,"href":"https:\/\/www.forum-soegel.de\/information\/wp-json\/wp\/v2\/posts\/20685\/revisions\/20687"}],"wp:attachment":[{"href":"https:\/\/www.forum-soegel.de\/information\/wp-json\/wp\/v2\/media?parent=20685"}],"wp:term":[{"taxonomy":"category","embeddable":true,"href":"https:\/\/www.forum-soegel.de\/information\/wp-json\/wp\/v2\/categories?post=20685"},{"taxonomy":"post_tag","embeddable":true,"href":"https:\/\/www.forum-soegel.de\/information\/wp-json\/wp\/v2\/tags?post=20685"}],"curies":[{"name":"wp","href":"https:\/\/api.w.org\/{rel}","templated":true}]}}